{"id":3703,"date":"2026-04-15T05:49:29","date_gmt":"2026-04-15T05:49:29","guid":{"rendered":"https:\/\/pasalapelota.com\/bomba-en-la-mls-los-verdaderos-motivos-detras-de-la-salida-de-mascherano-del-inter-miami\/"},"modified":"2026-04-15T05:49:29","modified_gmt":"2026-04-15T05:49:29","slug":"bomba-en-la-mls-los-verdaderos-motivos-detras-de-la-salida-de-mascherano-del-inter-miami","status":"publish","type":"post","link":"https:\/\/pasalapelota.com\/es\/bomba-en-la-mls-los-verdaderos-motivos-detras-de-la-salida-de-mascherano-del-inter-miami\/","title":{"rendered":"Bomba en la MLS: Las verdaderas razones detr\u00e1s de la salida de Mascherano del Inter Miami"},"content":{"rendered":"<p class=\"has-text-align-center\"><strong>Mascherano sorprendi\u00f3 al mundo de la MLS: renunci\u00f3 y estallaron las tensiones internas en Inter Miami<\/strong><\/p>\n\n\n\n<figure class=\"wp-block-image size-large\"><img fetchpriority=\"high\" decoding=\"async\" width=\"1024\" height=\"576\" src=\"https:\/\/pasalapelota.com\/wp-content\/uploads\/2026\/04\/img_7425-1.jpg\" class=\"wp-image-3702\" srcset=\"https:\/\/pasalapelota.com\/wp-content\/uploads\/2026\/04\/img_7425-1.jpg 1024w, https:\/\/pasalapelota.com\/wp-content\/uploads\/2026\/04\/img_7425-1-300x169.jpg 300w, https:\/\/pasalapelota.com\/wp-content\/uploads\/2026\/04\/img_7425-1-768x432.jpg 768w, https:\/\/pasalapelota.com\/wp-content\/uploads\/2026\/04\/img_7425-1-18x10.jpg 18w\" sizes=\"(max-width: 1024px) 100vw, 1024px\" \/><\/figure>\n\n\n\n<p>La salida de Javier Mascherano como entrenador del Inter Miami sacudi\u00f3 al f\u00fatbol norteamericano. Aunque el club comunic\u00f3 que el adi\u00f3s se deb\u00eda a \u201cmotivos personales\u201d, fuentes internas revelan que la decisi\u00f3n estuvo marcada por desgaste, problemas de manejo de plantel y un rendimiento muy por debajo de lo esperado.<\/p>\n\n\n\n<p>El equipo de Lionel Messi, campe\u00f3n de la MLS en 2025, no logr\u00f3 mantener el nivel. Tras apenas siete fechas, Miami acumulaba 8 puntos, una cifra muy por debajo de lo esperado para un plantel dise\u00f1ado para pelear arriba. A eso se sum\u00f3 una dolorosa eliminaci\u00f3n en la Concachampions, el gran objetivo del a\u00f1o.<\/p>\n\n\n\n<h2 class=\"wp-block-heading\">Un ciclo que se desgast\u00f3 r\u00e1pido<\/h2>\n\n\n\n<p>Mascherano hab\u00eda llegado en noviembre de 2024, con el apoyo directo de Messi y de la dirigencia. Su etapa dej\u00f3 un t\u00edtulo hist\u00f3rico de MLS Cup y una buena participaci\u00f3n en el Mundial de Clubes, pero tambi\u00e9n dos eliminaciones en Concacampions y un equipo que depend\u00eda demasiado del capit\u00e1n argentino.<\/p>\n\n\n\n<p>En este 2026, la situaci\u00f3n empeor\u00f3:<\/p>\n\n\n\n<ul class=\"wp-block-list\">\n<li>Goleada en contra en el debut ante LAFC<\/li>\n\n\n\n<li>Empates sin brillo en el nuevo Nu Stadium<\/li>\n\n\n\n<li>Falta de socios futbol\u00edsticos para Messi<\/li>\n\n\n\n<li>Una plantilla que no respond\u00eda a la idea del DT<\/li>\n<\/ul>\n\n\n\n<p>El ambiente se volvi\u00f3 tenso y el desgaste termin\u00f3 siendo irreversible.<\/p>\n\n\n\n<h2 class=\"wp-block-heading\">\u00bfQu\u00e9 ser\u00e1 del futuro de Mascherano?<\/h2>\n\n\n\n<p>Por ahora, Javier Mascherano no tiene negociaciones activas ni ofertas confirmadas para dirigir a otro equipo.<br>No hay contactos filtrados, no hay clubes interesados p\u00fablicamente y tampoco existe ning\u00fan movimiento concreto en el mercado.<\/p>\n\n\n\n<p>Todo indica que el \u201cJefecito\u201d se tomar\u00e1 una pausa antes de volver a dirigir.<br>Su entorno asegura que \u00e9l quiere \u201ctiempo para s\u00ed mismo\u201d y que no evaluar\u00e1 proyectos hasta sentirse nuevamente preparado para asumir un desaf\u00edo de alto nivel.<\/p>\n\n\n\n<h2 class=\"wp-block-heading\">Un cierre que deja m\u00e1s preguntas que respuestas<\/h2>\n\n\n\n<p>La salida de Mascherano marca el fin de un ciclo intenso, exitoso en algunos tramos y desgastante en otros. Inter Miami pierde a un entrenador que dej\u00f3 huella, y el f\u00fatbol queda a la expectativa de cu\u00e1l ser\u00e1 el pr\u00f3ximo paso de uno de los t\u00e9cnicos argentinos m\u00e1s observados de la nueva generaci\u00f3n.<\/p>\n\n\n\n<p>Lo \u00fanico seguro es que Mascherano, tras escribir una p\u00e1gina hist\u00f3rica en Miami, elige parar. Y el mundo del f\u00fatbol espera su regreso.<\/p>","protected":false},"excerpt":{"rendered":"<p>Mascherano sorprendi\u00f3 al mundo MLS: renunci\u00f3 y estallaron las internas en Inter Miami La salida de Javier Mascherano como entrenador del Inter Miami sacudi\u00f3 al f\u00fatbol norteamericano. Aunque el club comunic\u00f3 que el adi\u00f3s se deb\u00eda a \u201cmotivos personales\u201d, fuentes internas revelan que la decisi\u00f3n estuvo marcada por desgaste, problemas de manejo de plantel y [&hellip;]<\/p>\n","protected":false},"author":1,"featured_media":3702,"comment_status":"open","ping_status":"open","sticky":false,"template":"","format":"standard","meta":{"_uag_custom_page_level_css":"","_jetpack_memberships_contains_paid_content":false,"footnotes":""},"categories":[54],"tags":[85,79,82,84,80,78,50,83],"class_list":["post-3703","post","type-post","status-publish","format-standard","has-post-thumbnail","hentry","category-futbol-internacional","tag-dt-inter-miami","tag-inter-miami","tag-inter-miami-mls","tag-inter-miami-y-messi","tag-javier-mascherano","tag-macherano","tag-mls","tag-renuncio-macherano"],"featured_image_urls":{"full":["https:\/\/pasalapelota.com\/wp-content\/uploads\/2026\/04\/img_7425-1.jpg",1024,576,false],"thumbnail":["https:\/\/pasalapelota.com\/wp-content\/uploads\/2026\/04\/img_7425-1-150x150.jpg",150,150,true],"medium":["https:\/\/pasalapelota.com\/wp-content\/uploads\/2026\/04\/img_7425-1-300x169.jpg",300,169,true],"medium_large":["https:\/\/pasalapelota.com\/wp-content\/uploads\/2026\/04\/img_7425-1-768x432.jpg",768,432,true],"large":["https:\/\/pasalapelota.com\/wp-content\/uploads\/2026\/04\/img_7425-1.jpg",800,450,false],"1536x1536":["https:\/\/pasalapelota.com\/wp-content\/uploads\/2026\/04\/img_7425-1.jpg",1024,576,false],"2048x2048":["https:\/\/pasalapelota.com\/wp-content\/uploads\/2026\/04\/img_7425-1.jpg",1024,576,false],"trp-custom-language-flag":["https:\/\/pasalapelota.com\/wp-content\/uploads\/2026\/04\/img_7425-1-18x10.jpg",18,10,true],"sportspress-crop-medium":["https:\/\/pasalapelota.com\/wp-content\/uploads\/2026\/04\/img_7425-1.jpg",300,169,false],"sportspress-fit-medium":["https:\/\/pasalapelota.com\/wp-content\/uploads\/2026\/04\/img_7425-1.jpg",300,169,false],"sportspress-fit-icon":["https:\/\/pasalapelota.com\/wp-content\/uploads\/2026\/04\/img_7425-1.jpg",128,72,false],"sportspress-fit-mini":["https:\/\/pasalapelota.com\/wp-content\/uploads\/2026\/04\/img_7425-1.jpg",32,18,false]},"author_info":{"info":["Harvey"]},"category_info":"<a href=\"https:\/\/pasalapelota.com\/es\/category\/futbol-internacional\/\" rel=\"category tag\">F\u00fatbol Internacional<\/a>","tag_info":"F\u00fatbol Internacional","comment_count":"0","jetpack_featured_media_url":"https:\/\/pasalapelota.com\/wp-content\/uploads\/2026\/04\/img_7425-1.jpg","uagb_featured_image_src":{"full":["https:\/\/pasalapelota.com\/wp-content\/uploads\/2026\/04\/img_7425-1.jpg",1024,576,false],"thumbnail":["https:\/\/pasalapelota.com\/wp-content\/uploads\/2026\/04\/img_7425-1-150x150.jpg",150,150,true],"medium":["https:\/\/pasalapelota.com\/wp-content\/uploads\/2026\/04\/img_7425-1-300x169.jpg",300,169,true],"medium_large":["https:\/\/pasalapelota.com\/wp-content\/uploads\/2026\/04\/img_7425-1-768x432.jpg",768,432,true],"large":["https:\/\/pasalapelota.com\/wp-content\/uploads\/2026\/04\/img_7425-1.jpg",800,450,false],"1536x1536":["https:\/\/pasalapelota.com\/wp-content\/uploads\/2026\/04\/img_7425-1.jpg",1024,576,false],"2048x2048":["https:\/\/pasalapelota.com\/wp-content\/uploads\/2026\/04\/img_7425-1.jpg",1024,576,false],"trp-custom-language-flag":["https:\/\/pasalapelota.com\/wp-content\/uploads\/2026\/04\/img_7425-1-18x10.jpg",18,10,true],"sportspress-crop-medium":["https:\/\/pasalapelota.com\/wp-content\/uploads\/2026\/04\/img_7425-1.jpg",300,169,false],"sportspress-fit-medium":["https:\/\/pasalapelota.com\/wp-content\/uploads\/2026\/04\/img_7425-1.jpg",300,169,false],"sportspress-fit-icon":["https:\/\/pasalapelota.com\/wp-content\/uploads\/2026\/04\/img_7425-1.jpg",128,72,false],"sportspress-fit-mini":["https:\/\/pasalapelota.com\/wp-content\/uploads\/2026\/04\/img_7425-1.jpg",32,18,false]},"uagb_author_info":{"display_name":"Harvey","author_link":"https:\/\/pasalapelota.com\/es\/author\/pasalapelotahgmail-com\/"},"uagb_comment_info":0,"uagb_excerpt":"Mascherano sorprendi\u00f3 al mundo MLS: renunci\u00f3 y estallaron las internas en Inter Miami La salida de Javier Mascherano como entrenador del Inter Miami sacudi\u00f3 al f\u00fatbol norteamericano. Aunque el club comunic\u00f3 que el adi\u00f3s se deb\u00eda a \u201cmotivos personales\u201d, fuentes internas revelan que la decisi\u00f3n estuvo marcada por desgaste, problemas de manejo de plantel y&hellip;","jetpack_sharing_enabled":true,"_links":{"self":[{"href":"https:\/\/pasalapelota.com\/es\/wp-json\/wp\/v2\/posts\/3703","targetHints":{"allow":["GET"]}}],"collection":[{"href":"https:\/\/pasalapelota.com\/es\/wp-json\/wp\/v2\/posts"}],"about":[{"href":"https:\/\/pasalapelota.com\/es\/wp-json\/wp\/v2\/types\/post"}],"author":[{"embeddable":true,"href":"https:\/\/pasalapelota.com\/es\/wp-json\/wp\/v2\/users\/1"}],"replies":[{"embeddable":true,"href":"https:\/\/pasalapelota.com\/es\/wp-json\/wp\/v2\/comments?post=3703"}],"version-history":[{"count":0,"href":"https:\/\/pasalapelota.com\/es\/wp-json\/wp\/v2\/posts\/3703\/revisions"}],"wp:featuredmedia":[{"embeddable":true,"href":"https:\/\/pasalapelota.com\/es\/wp-json\/wp\/v2\/media\/3702"}],"wp:attachment":[{"href":"https:\/\/pasalapelota.com\/es\/wp-json\/wp\/v2\/media?parent=3703"}],"wp:term":[{"taxonomy":"category","embeddable":true,"href":"https:\/\/pasalapelota.com\/es\/wp-json\/wp\/v2\/categories?post=3703"},{"taxonomy":"post_tag","embeddable":true,"href":"https:\/\/pasalapelota.com\/es\/wp-json\/wp\/v2\/tags?post=3703"}],"curies":[{"name":"wp","href":"https:\/\/api.w.org\/{rel}","templated":true}]}}