{"id":3728,"date":"2026-04-15T08:02:27","date_gmt":"2026-04-15T08:02:27","guid":{"rendered":"https:\/\/pasalapelota.com\/james-rodriguez-volvio-con-minnesota-en-la-us-open-cup-2026\/"},"modified":"2026-04-15T08:02:27","modified_gmt":"2026-04-15T08:02:27","slug":"james-rodriguez-volvio-con-minnesota-en-la-us-open-cup-2026","status":"publish","type":"post","link":"https:\/\/pasalapelota.com\/es\/james-rodriguez-volvio-con-minnesota-en-la-us-open-cup-2026\/","title":{"rendered":"James Rodr\u00edguez&nbsp;volvio con Minnesota en la US OPEN CUP 2026"},"content":{"rendered":"<h2 class=\"wp-block-heading has-text-align-center\">El regreso de James Rodr\u00edguez con Minnesota United genera expectativa antes del Mundial 2026<\/h2>\n\n\n\n<p><\/p>\n\n\n\n<figure class=\"wp-block-image size-large\"><img fetchpriority=\"high\" decoding=\"async\" width=\"398\" height=\"300\" src=\"https:\/\/pasalapelota.com\/wp-content\/uploads\/2026\/04\/img_7432-1.jpg\" class=\"wp-image-3726\" srcset=\"https:\/\/pasalapelota.com\/wp-content\/uploads\/2026\/04\/img_7432-1.jpg 398w, https:\/\/pasalapelota.com\/wp-content\/uploads\/2026\/04\/img_7432-1-300x226.jpg 300w, https:\/\/pasalapelota.com\/wp-content\/uploads\/2026\/04\/img_7432-1-16x12.jpg 16w\" sizes=\"(max-width: 398px) 100vw, 398px\" \/><\/figure>\n\n\n\n<p class=\"p1\">El colombiano <a href=\"chatgpt:\/\/generic-entity?number=0\">James Rodr\u00edguez<\/a> volvi\u00f3 a ser protagonista en el f\u00fatbol de Estados Unidos tras reaparecer como titular con <a href=\"chatgpt:\/\/generic-entity?number=1\">Minnesota United FC<\/a> en la Copa de Estados Unidos, en el duelo frente a <a href=\"chatgpt:\/\/generic-entity?number=2\">Sacramento Republic FC<\/a>.<\/p>\n\n\n\n<p class=\"p1\">Luego de 23 d\u00edas sin actividad oficial, el mediocampista regres\u00f3 al once inicial en un partido clave correspondiente a la ronda de 32 del torneo, generando gran expectativa entre los aficionados.<\/p>\n\n\n\n<h2 class=\"wp-block-heading\">\u26bd James Rodr\u00edguez regresa tras semanas de ausencia<\/h2>\n\n\n\n<p class=\"p1\">La \u00faltima aparici\u00f3n del \u201c10\u201d hab\u00eda sido el 22 de marzo ante <a href=\"chatgpt:\/\/generic-entity?number=3\">Seattle Sounders FC<\/a>, donde jug\u00f3 apenas unos minutos. Desde entonces, su ausencia estuvo marcada por dudas f\u00edsicas y preocupaci\u00f3n por su estado de salud.<\/p>\n\n\n\n<p class=\"p1\">Su regreso no solo representa una buena noticia para su club, sino tambi\u00e9n para la <a href=\"chatgpt:\/\/generic-entity?number=4\">Selecci\u00f3n Colombia<\/a>, que sigue de cerca su evoluci\u00f3n de cara al Mundial 2026.<\/p>\n\n\n\n<p class=\"p1\"><a href=\"chatgpt:\/\/generic-entity?number=0\">James Rodr\u00edguez<\/a> jug\u00f3 66 minutos en el partido entre <a href=\"chatgpt:\/\/generic-entity?number=1\">Minnesota United FC<\/a> y <a href=\"chatgpt:\/\/generic-entity?number=2\">Sacramento Republic FC<\/a> por la Copa de Estados Unidos.<\/p>\n\n\n\n<p class=\"p1\">Fue titular y sali\u00f3 sustituido en el segundo tiempo mientras sigue recuperando ritmo competitivo.<\/p>\n\n\n\n<p class=\"p3\">El encuentro ante <a href=\"chatgpt:\/\/generic-entity?number=2\">Sacramento Republic FC<\/a> termin\u00f3 0-0 en el tiempo reglamentario, en un duelo muy cerrado y con pocas opciones claras.<\/p>\n\n\n\n<p class=\"p3\">Todo se resolvi\u00f3 en los penales, donde Minnesota se impuso 9-8, logrando as\u00ed su clasificaci\u00f3n a la siguiente ronda del torneo<\/p>\n\n\n\n<h2 class=\"wp-block-heading\">\ud83d\udcc5 Pr\u00f3ximo partido: duelo clave ante Portland<\/h2>\n\n\n\n<p class=\"p1\">El siguiente desaf\u00edo para Minnesota en la MLS ser\u00e1 el  18 de abril ante  <a href=\"chatgpt:\/\/generic-entity?number=3\">Portland Timbers<\/a> el equipo de James est\u00e1 en la posici\u00f3n 9 con 11 puntos.<\/p>\n\n\n\n<p class=\"p1\">Este encuentro ser\u00e1 fundamental para que James contin\u00fae ganando minutos y empiece a consolidarse dentro del equipo.<\/p>","protected":false},"excerpt":{"rendered":"<p>El regreso de James Rodr\u00edguez con Minnesota United genera expectativa antes del Mundial 2026 El colombiano James Rodr\u00edguez volvi\u00f3 a ser protagonista en el f\u00fatbol de Estados Unidos tras reaparecer como titular con Minnesota United FC en la Copa de Estados Unidos, en el duelo frente a Sacramento Republic FC. Luego de 23 d\u00edas sin [&hellip;]<\/p>\n","protected":false},"author":1,"featured_media":3727,"comment_status":"open","ping_status":"open","sticky":false,"template":"","format":"standard","meta":{"_uag_custom_page_level_css":"","_jetpack_memberships_contains_paid_content":false,"footnotes":""},"categories":[54],"tags":[87,90,93,89,88,50,92],"class_list":["post-3728","post","type-post","status-publish","format-standard","has-post-thumbnail","hentry","category-futbol-internacional","tag-james-rodriguez","tag-james-seleccion-colombia","tag-minnesota-james-rodriguez","tag-minnesota-united","tag-minnesota-united-mls","tag-mls","tag-us-open-cup-2026"],"featured_image_urls":{"full":["https:\/\/pasalapelota.com\/wp-content\/uploads\/2026\/04\/img_7433.jpg",1252,1598,false],"thumbnail":["https:\/\/pasalapelota.com\/wp-content\/uploads\/2026\/04\/img_7433-150x150.jpg",150,150,true],"medium":["https:\/\/pasalapelota.com\/wp-content\/uploads\/2026\/04\/img_7433-235x300.jpg",235,300,true],"medium_large":["https:\/\/pasalapelota.com\/wp-content\/uploads\/2026\/04\/img_7433-768x980.jpg",768,980,true],"large":["https:\/\/pasalapelota.com\/wp-content\/uploads\/2026\/04\/img_7433-802x1024.jpg",800,1021,true],"1536x1536":["https:\/\/pasalapelota.com\/wp-content\/uploads\/2026\/04\/img_7433-1203x1536.jpg",1203,1536,true],"2048x2048":["https:\/\/pasalapelota.com\/wp-content\/uploads\/2026\/04\/img_7433.jpg",1252,1598,false],"trp-custom-language-flag":["https:\/\/pasalapelota.com\/wp-content\/uploads\/2026\/04\/img_7433-9x12.jpg",9,12,true],"sportspress-crop-medium":["https:\/\/pasalapelota.com\/wp-content\/uploads\/2026\/04\/img_7433.jpg",235,300,false],"sportspress-fit-medium":["https:\/\/pasalapelota.com\/wp-content\/uploads\/2026\/04\/img_7433.jpg",235,300,false],"sportspress-fit-icon":["https:\/\/pasalapelota.com\/wp-content\/uploads\/2026\/04\/img_7433.jpg",100,128,false],"sportspress-fit-mini":["https:\/\/pasalapelota.com\/wp-content\/uploads\/2026\/04\/img_7433.jpg",25,32,false]},"author_info":{"info":["Harvey"]},"category_info":"<a href=\"https:\/\/pasalapelota.com\/es\/category\/futbol-internacional\/\" rel=\"category tag\">F\u00fatbol Internacional<\/a>","tag_info":"F\u00fatbol Internacional","comment_count":"0","jetpack_featured_media_url":"https:\/\/pasalapelota.com\/wp-content\/uploads\/2026\/04\/img_7433.jpg","uagb_featured_image_src":{"full":["https:\/\/pasalapelota.com\/wp-content\/uploads\/2026\/04\/img_7433.jpg",1252,1598,false],"thumbnail":["https:\/\/pasalapelota.com\/wp-content\/uploads\/2026\/04\/img_7433-150x150.jpg",150,150,true],"medium":["https:\/\/pasalapelota.com\/wp-content\/uploads\/2026\/04\/img_7433-235x300.jpg",235,300,true],"medium_large":["https:\/\/pasalapelota.com\/wp-content\/uploads\/2026\/04\/img_7433-768x980.jpg",768,980,true],"large":["https:\/\/pasalapelota.com\/wp-content\/uploads\/2026\/04\/img_7433-802x1024.jpg",800,1021,true],"1536x1536":["https:\/\/pasalapelota.com\/wp-content\/uploads\/2026\/04\/img_7433-1203x1536.jpg",1203,1536,true],"2048x2048":["https:\/\/pasalapelota.com\/wp-content\/uploads\/2026\/04\/img_7433.jpg",1252,1598,false],"trp-custom-language-flag":["https:\/\/pasalapelota.com\/wp-content\/uploads\/2026\/04\/img_7433-9x12.jpg",9,12,true],"sportspress-crop-medium":["https:\/\/pasalapelota.com\/wp-content\/uploads\/2026\/04\/img_7433.jpg",235,300,false],"sportspress-fit-medium":["https:\/\/pasalapelota.com\/wp-content\/uploads\/2026\/04\/img_7433.jpg",235,300,false],"sportspress-fit-icon":["https:\/\/pasalapelota.com\/wp-content\/uploads\/2026\/04\/img_7433.jpg",100,128,false],"sportspress-fit-mini":["https:\/\/pasalapelota.com\/wp-content\/uploads\/2026\/04\/img_7433.jpg",25,32,false]},"uagb_author_info":{"display_name":"Harvey","author_link":"https:\/\/pasalapelota.com\/es\/author\/pasalapelotahgmail-com\/"},"uagb_comment_info":0,"uagb_excerpt":"El regreso de James Rodr\u00edguez con Minnesota United genera expectativa antes del Mundial 2026 El colombiano James Rodr\u00edguez volvi\u00f3 a ser protagonista en el f\u00fatbol de Estados Unidos tras reaparecer como titular con Minnesota United FC en la Copa de Estados Unidos, en el duelo frente a Sacramento Republic FC. Luego de 23 d\u00edas sin&hellip;","jetpack_sharing_enabled":true,"_links":{"self":[{"href":"https:\/\/pasalapelota.com\/es\/wp-json\/wp\/v2\/posts\/3728","targetHints":{"allow":["GET"]}}],"collection":[{"href":"https:\/\/pasalapelota.com\/es\/wp-json\/wp\/v2\/posts"}],"about":[{"href":"https:\/\/pasalapelota.com\/es\/wp-json\/wp\/v2\/types\/post"}],"author":[{"embeddable":true,"href":"https:\/\/pasalapelota.com\/es\/wp-json\/wp\/v2\/users\/1"}],"replies":[{"embeddable":true,"href":"https:\/\/pasalapelota.com\/es\/wp-json\/wp\/v2\/comments?post=3728"}],"version-history":[{"count":0,"href":"https:\/\/pasalapelota.com\/es\/wp-json\/wp\/v2\/posts\/3728\/revisions"}],"wp:featuredmedia":[{"embeddable":true,"href":"https:\/\/pasalapelota.com\/es\/wp-json\/wp\/v2\/media\/3727"}],"wp:attachment":[{"href":"https:\/\/pasalapelota.com\/es\/wp-json\/wp\/v2\/media?parent=3728"}],"wp:term":[{"taxonomy":"category","embeddable":true,"href":"https:\/\/pasalapelota.com\/es\/wp-json\/wp\/v2\/categories?post=3728"},{"taxonomy":"post_tag","embeddable":true,"href":"https:\/\/pasalapelota.com\/es\/wp-json\/wp\/v2\/tags?post=3728"}],"curies":[{"name":"wp","href":"https:\/\/api.w.org\/{rel}","templated":true}]}}