{"id":3867,"date":"2026-04-16T19:41:18","date_gmt":"2026-04-16T19:41:18","guid":{"rendered":"https:\/\/pasalapelota.com\/el-gesto-de-vinicius-tras-el-gol-de-luis-diaz-que-significa-realmente\/"},"modified":"2026-04-16T19:41:18","modified_gmt":"2026-04-16T19:41:18","slug":"el-gesto-de-vinicius-tras-el-gol-de-luis-diaz-que-significa-realmente","status":"publish","type":"post","link":"https:\/\/pasalapelota.com\/es\/el-gesto-de-vinicius-tras-el-gol-de-luis-diaz-que-significa-realmente\/","title":{"rendered":"El gesto de Vin\u00edcius tras el gol de Luis D\u00edaz: \u00bfqu\u00e9 significa realmente?"},"content":{"rendered":"<figure class=\"wp-block-image size-large\"><img fetchpriority=\"high\" decoding=\"async\" width=\"1024\" height=\"660\" src=\"https:\/\/pasalapelota.com\/wp-content\/uploads\/2026\/04\/img_7462-1024x660.jpg\" class=\"wp-image-3862\" srcset=\"https:\/\/pasalapelota.com\/wp-content\/uploads\/2026\/04\/img_7462-1024x660.jpg 1024w, https:\/\/pasalapelota.com\/wp-content\/uploads\/2026\/04\/img_7462-300x193.jpg 300w, https:\/\/pasalapelota.com\/wp-content\/uploads\/2026\/04\/img_7462-768x495.jpg 768w, https:\/\/pasalapelota.com\/wp-content\/uploads\/2026\/04\/img_7462-18x12.jpg 18w, https:\/\/pasalapelota.com\/wp-content\/uploads\/2026\/04\/img_7462.jpg 1084w\" sizes=\"(max-width: 1024px) 100vw, 1024px\" \/><\/figure>\n\n\n\n<p class=\"p1\">La eliminaci\u00f3n del <a href=\"chatgpt:\/\/generic-entity?number=0\">Real Madrid<\/a> ante el <a href=\"chatgpt:\/\/generic-entity?number=1\">Bayern M\u00fanich<\/a> en la <a href=\"chatgpt:\/\/generic-entity?number=2\">UEFA Champions League<\/a> no solo dej\u00f3 un golpe deportivo, sino tambi\u00e9n una escena que est\u00e1 dando de qu\u00e9 hablar.<\/p>\n\n\n\n<p class=\"p1\">En el minuto 89, <a href=\"chatgpt:\/\/generic-entity?number=3\">Luis D\u00edaz<\/a> marc\u00f3 el gol que termin\u00f3 de sentenciar la serie. Segundos despu\u00e9s, las c\u00e1maras enfocaron a <a href=\"chatgpt:\/\/generic-entity?number=4\">Vin\u00edcius J\u00fanior<\/a>, quien respondi\u00f3 con un aplauso que r\u00e1pidamente se volvi\u00f3 viral.<\/p>\n\n\n\n<h2 class=\"wp-block-heading\">\u00bfIron\u00eda en pleno partido?<\/h2>\n\n\n\n<p class=\"p1\">Aunque no hay una versi\u00f3n oficial, en redes sociales muchos interpretan el gesto como una reacci\u00f3n cargada de iron\u00eda, en medio de un cierre ca\u00f3tico para el equipo espa\u00f1ol.<\/p>\n\n\n\n<p class=\"p1\">El contexto no ayudaba:<\/p>\n\n\n\n<p class=\"p3\">El equipo estaba al borde de la eliminaci\u00f3n Minutos antes hab\u00eda sido expulsado <a href=\"chatgpt:\/\/generic-entity?number=5\">Eduardo Camavinga<\/a> El Bayern aprovech\u00f3 el golpe an\u00edmico para liquidar la serie<\/p>\n\n\n\n<figure class=\"wp-block-image size-large\"><img decoding=\"async\" width=\"950\" height=\"1024\" src=\"https:\/\/pasalapelota.com\/wp-content\/uploads\/2026\/04\/img_7463-950x1024.jpg\" class=\"wp-image-3863\" srcset=\"https:\/\/pasalapelota.com\/wp-content\/uploads\/2026\/04\/img_7463-950x1024.jpg 950w, https:\/\/pasalapelota.com\/wp-content\/uploads\/2026\/04\/img_7463-278x300.jpg 278w, https:\/\/pasalapelota.com\/wp-content\/uploads\/2026\/04\/img_7463-768x828.jpg 768w, https:\/\/pasalapelota.com\/wp-content\/uploads\/2026\/04\/img_7463-11x12.jpg 11w, https:\/\/pasalapelota.com\/wp-content\/uploads\/2026\/04\/img_7463.jpg 1090w\" sizes=\"(max-width: 950px) 100vw, 950px\" \/><\/figure>\n\n\n\n<h2 class=\"wp-block-heading\">El arbitraje, bajo la lupa<\/h2>\n\n\n\n<p class=\"p1\">Otro punto que encendi\u00f3 el debate fue la expulsi\u00f3n de Camavinga, una decisi\u00f3n que condicion\u00f3 el tramo final del partido.<\/p>\n\n\n\n<p class=\"p1\">Sin afirmar pol\u00e9micas mayores, lo cierto es que jugar con uno menos en los minutos decisivos termin\u00f3 inclinando el escenario a favor del conjunto alem\u00e1n.<\/p>\n\n\n\n<figure class=\"wp-block-image size-large\"><img decoding=\"async\" width=\"1024\" height=\"676\" src=\"https:\/\/pasalapelota.com\/wp-content\/uploads\/2026\/04\/img_7466.jpg\" class=\"wp-image-3864\" srcset=\"https:\/\/pasalapelota.com\/wp-content\/uploads\/2026\/04\/img_7466.jpg 1024w, https:\/\/pasalapelota.com\/wp-content\/uploads\/2026\/04\/img_7466-300x198.jpg 300w, https:\/\/pasalapelota.com\/wp-content\/uploads\/2026\/04\/img_7466-768x507.jpg 768w, https:\/\/pasalapelota.com\/wp-content\/uploads\/2026\/04\/img_7466-18x12.jpg 18w\" sizes=\"(max-width: 1024px) 100vw, 1024px\" \/><\/figure>\n\n\n\n<h2 class=\"wp-block-heading\">\u00bfVestuario tocado?<\/h2>\n\n\n\n<p class=\"p1\">La imagen de Vin\u00edcius, sumada al desenlace del partido, ha abierto la puerta a interpretaciones sobre el ambiente interno del Real Madrid.<\/p>\n\n\n\n<p class=\"p1\">Por ahora:<\/p>\n\n\n\n<p class=\"p3\">\u2757 No hay confirmaci\u00f3n de conflictos en el vestuario \u2757 No existen declaraciones oficiales que apunten a una ruptura<\/p>\n\n\n\n<p class=\"p1\">Pero la eliminaci\u00f3n, la tensi\u00f3n del partido y gestos como este reflejan un cierre de noche cargado de frustraci\u00f3n y emociones al l\u00edmite<\/p>\n\n\n\n<p>M\u00e1s all\u00e1 de la interpretaci\u00f3n del gesto, lo cierto es que el Real Madrid vivi\u00f3 una noche intensa y cargada de frustraci\u00f3n. La reacci\u00f3n de Vin\u00edcius se convirti\u00f3 en una de las im\u00e1genes del partido, pero tambi\u00e9n en s\u00edmbolo de un cierre donde los detalles \u2014y las emociones\u2014 terminaron marcando la diferencia.<\/p>","protected":false},"excerpt":{"rendered":"<p>La eliminaci\u00f3n del Real Madrid ante el Bayern M\u00fanich en la UEFA Champions League no solo dej\u00f3 un golpe deportivo, sino tambi\u00e9n una escena que est\u00e1 dando de qu\u00e9 hablar. En el minuto 89, Luis D\u00edaz marc\u00f3 el gol que termin\u00f3 de sentenciar la serie. Segundos despu\u00e9s, las c\u00e1maras enfocaron a Vin\u00edcius J\u00fanior, quien respondi\u00f3 [&hellip;]<\/p>\n","protected":false},"author":1,"featured_media":3866,"comment_status":"open","ping_status":"open","sticky":false,"template":"","format":"standard","meta":{"_uag_custom_page_level_css":"","_jetpack_memberships_contains_paid_content":false,"footnotes":""},"categories":[54],"tags":[],"class_list":["post-3867","post","type-post","status-publish","format-standard","has-post-thumbnail","hentry","category-futbol-internacional"],"featured_image_urls":{"full":["https:\/\/pasalapelota.com\/wp-content\/uploads\/2026\/04\/90f61cfb-efd0-4dd0-b823-c1c1b4617127.jpg",1084,699,false],"thumbnail":["https:\/\/pasalapelota.com\/wp-content\/uploads\/2026\/04\/90f61cfb-efd0-4dd0-b823-c1c1b4617127-150x150.jpg",150,150,true],"medium":["https:\/\/pasalapelota.com\/wp-content\/uploads\/2026\/04\/90f61cfb-efd0-4dd0-b823-c1c1b4617127-300x193.jpg",300,193,true],"medium_large":["https:\/\/pasalapelota.com\/wp-content\/uploads\/2026\/04\/90f61cfb-efd0-4dd0-b823-c1c1b4617127-768x495.jpg",768,495,true],"large":["https:\/\/pasalapelota.com\/wp-content\/uploads\/2026\/04\/90f61cfb-efd0-4dd0-b823-c1c1b4617127-1024x660.jpg",800,516,true],"1536x1536":["https:\/\/pasalapelota.com\/wp-content\/uploads\/2026\/04\/90f61cfb-efd0-4dd0-b823-c1c1b4617127.jpg",1084,699,false],"2048x2048":["https:\/\/pasalapelota.com\/wp-content\/uploads\/2026\/04\/90f61cfb-efd0-4dd0-b823-c1c1b4617127.jpg",1084,699,false],"trp-custom-language-flag":["https:\/\/pasalapelota.com\/wp-content\/uploads\/2026\/04\/90f61cfb-efd0-4dd0-b823-c1c1b4617127-18x12.jpg",18,12,true],"sportspress-crop-medium":["https:\/\/pasalapelota.com\/wp-content\/uploads\/2026\/04\/90f61cfb-efd0-4dd0-b823-c1c1b4617127.jpg",300,193,false],"sportspress-fit-medium":["https:\/\/pasalapelota.com\/wp-content\/uploads\/2026\/04\/90f61cfb-efd0-4dd0-b823-c1c1b4617127.jpg",300,193,false],"sportspress-fit-icon":["https:\/\/pasalapelota.com\/wp-content\/uploads\/2026\/04\/90f61cfb-efd0-4dd0-b823-c1c1b4617127.jpg",128,83,false],"sportspress-fit-mini":["https:\/\/pasalapelota.com\/wp-content\/uploads\/2026\/04\/90f61cfb-efd0-4dd0-b823-c1c1b4617127.jpg",32,21,false]},"author_info":{"info":["Harvey"]},"category_info":"<a href=\"https:\/\/pasalapelota.com\/es\/category\/futbol-internacional\/\" rel=\"category tag\">F\u00fatbol Internacional<\/a>","tag_info":"F\u00fatbol Internacional","comment_count":"0","jetpack_featured_media_url":"https:\/\/pasalapelota.com\/wp-content\/uploads\/2026\/04\/90f61cfb-efd0-4dd0-b823-c1c1b4617127.jpg","uagb_featured_image_src":{"full":["https:\/\/pasalapelota.com\/wp-content\/uploads\/2026\/04\/90f61cfb-efd0-4dd0-b823-c1c1b4617127.jpg",1084,699,false],"thumbnail":["https:\/\/pasalapelota.com\/wp-content\/uploads\/2026\/04\/90f61cfb-efd0-4dd0-b823-c1c1b4617127-150x150.jpg",150,150,true],"medium":["https:\/\/pasalapelota.com\/wp-content\/uploads\/2026\/04\/90f61cfb-efd0-4dd0-b823-c1c1b4617127-300x193.jpg",300,193,true],"medium_large":["https:\/\/pasalapelota.com\/wp-content\/uploads\/2026\/04\/90f61cfb-efd0-4dd0-b823-c1c1b4617127-768x495.jpg",768,495,true],"large":["https:\/\/pasalapelota.com\/wp-content\/uploads\/2026\/04\/90f61cfb-efd0-4dd0-b823-c1c1b4617127-1024x660.jpg",800,516,true],"1536x1536":["https:\/\/pasalapelota.com\/wp-content\/uploads\/2026\/04\/90f61cfb-efd0-4dd0-b823-c1c1b4617127.jpg",1084,699,false],"2048x2048":["https:\/\/pasalapelota.com\/wp-content\/uploads\/2026\/04\/90f61cfb-efd0-4dd0-b823-c1c1b4617127.jpg",1084,699,false],"trp-custom-language-flag":["https:\/\/pasalapelota.com\/wp-content\/uploads\/2026\/04\/90f61cfb-efd0-4dd0-b823-c1c1b4617127-18x12.jpg",18,12,true],"sportspress-crop-medium":["https:\/\/pasalapelota.com\/wp-content\/uploads\/2026\/04\/90f61cfb-efd0-4dd0-b823-c1c1b4617127.jpg",300,193,false],"sportspress-fit-medium":["https:\/\/pasalapelota.com\/wp-content\/uploads\/2026\/04\/90f61cfb-efd0-4dd0-b823-c1c1b4617127.jpg",300,193,false],"sportspress-fit-icon":["https:\/\/pasalapelota.com\/wp-content\/uploads\/2026\/04\/90f61cfb-efd0-4dd0-b823-c1c1b4617127.jpg",128,83,false],"sportspress-fit-mini":["https:\/\/pasalapelota.com\/wp-content\/uploads\/2026\/04\/90f61cfb-efd0-4dd0-b823-c1c1b4617127.jpg",32,21,false]},"uagb_author_info":{"display_name":"Harvey","author_link":"https:\/\/pasalapelota.com\/es\/author\/pasalapelotahgmail-com\/"},"uagb_comment_info":0,"uagb_excerpt":"La eliminaci\u00f3n del Real Madrid ante el Bayern M\u00fanich en la UEFA Champions League no solo dej\u00f3 un golpe deportivo, sino tambi\u00e9n una escena que est\u00e1 dando de qu\u00e9 hablar. En el minuto 89, Luis D\u00edaz marc\u00f3 el gol que termin\u00f3 de sentenciar la serie. Segundos despu\u00e9s, las c\u00e1maras enfocaron a Vin\u00edcius J\u00fanior, quien respondi\u00f3&hellip;","jetpack_sharing_enabled":true,"_links":{"self":[{"href":"https:\/\/pasalapelota.com\/es\/wp-json\/wp\/v2\/posts\/3867","targetHints":{"allow":["GET"]}}],"collection":[{"href":"https:\/\/pasalapelota.com\/es\/wp-json\/wp\/v2\/posts"}],"about":[{"href":"https:\/\/pasalapelota.com\/es\/wp-json\/wp\/v2\/types\/post"}],"author":[{"embeddable":true,"href":"https:\/\/pasalapelota.com\/es\/wp-json\/wp\/v2\/users\/1"}],"replies":[{"embeddable":true,"href":"https:\/\/pasalapelota.com\/es\/wp-json\/wp\/v2\/comments?post=3867"}],"version-history":[{"count":0,"href":"https:\/\/pasalapelota.com\/es\/wp-json\/wp\/v2\/posts\/3867\/revisions"}],"wp:featuredmedia":[{"embeddable":true,"href":"https:\/\/pasalapelota.com\/es\/wp-json\/wp\/v2\/media\/3866"}],"wp:attachment":[{"href":"https:\/\/pasalapelota.com\/es\/wp-json\/wp\/v2\/media?parent=3867"}],"wp:term":[{"taxonomy":"category","embeddable":true,"href":"https:\/\/pasalapelota.com\/es\/wp-json\/wp\/v2\/categories?post=3867"},{"taxonomy":"post_tag","embeddable":true,"href":"https:\/\/pasalapelota.com\/es\/wp-json\/wp\/v2\/tags?post=3867"}],"curies":[{"name":"wp","href":"https:\/\/api.w.org\/{rel}","templated":true}]}}