{"id":4102,"date":"2026-04-21T23:08:01","date_gmt":"2026-04-21T23:08:01","guid":{"rendered":"https:\/\/pasalapelota.com\/real-madrid-gana-pero-no-convence-mbappe-y-vinicius-salvan-una-noche-tensa\/"},"modified":"2026-04-21T23:08:01","modified_gmt":"2026-04-21T23:08:01","slug":"real-madrid-gana-pero-no-convence-mbappe-y-vinicius-salvan-una-noche-tensa","status":"publish","type":"post","link":"https:\/\/pasalapelota.com\/es\/real-madrid-gana-pero-no-convence-mbappe-y-vinicius-salvan-una-noche-tensa\/","title":{"rendered":"Real Madrid gana\u2026 pero no convence: Mbapp\u00e9 y Vinicius salvan una noche tensa"},"content":{"rendered":"<p>El <a href=\"chatgpt:\/\/generic-entity?number=0\">Real Madrid<\/a> volvi\u00f3 a sumar, pero dej\u00f3 m\u00e1s dudas que certezas tras vencer 2-1 al <a href=\"chatgpt:\/\/generic-entity?number=1\">Deportivo Alav\u00e9s<\/a> en un partido marcado por la tensi\u00f3n, los pitos y la falta de brillo.<\/p>\n\n\n\n<figure class=\"wp-block-image size-large\"><img fetchpriority=\"high\" decoding=\"async\" width=\"683\" height=\"1024\" src=\"https:\/\/pasalapelota.com\/wp-content\/uploads\/2026\/04\/img_7658-683x1024.jpg\" class=\"wp-image-4099\" srcset=\"https:\/\/pasalapelota.com\/wp-content\/uploads\/2026\/04\/img_7658-683x1024.jpg 683w, https:\/\/pasalapelota.com\/wp-content\/uploads\/2026\/04\/img_7658-200x300.jpg 200w, https:\/\/pasalapelota.com\/wp-content\/uploads\/2026\/04\/img_7658-768x1151.jpg 768w, https:\/\/pasalapelota.com\/wp-content\/uploads\/2026\/04\/img_7658-1025x1536.jpg 1025w, https:\/\/pasalapelota.com\/wp-content\/uploads\/2026\/04\/img_7658-8x12.jpg 8w, https:\/\/pasalapelota.com\/wp-content\/uploads\/2026\/04\/img_7658.jpg 1334w\" sizes=\"(max-width: 683px) 100vw, 683px\" \/><\/figure>\n\n\n\n<p><\/p>\n\n\n\n<p>El equipo blanco, que ven\u00eda en mala din\u00e1mica, encontr\u00f3 el triunfo gracias a sus estrellas. <a href=\"chatgpt:\/\/generic-entity?number=2\">Kylian Mbapp\u00e9<\/a> abri\u00f3 el marcador con un gol afortunado que ni celebr\u00f3, mientras <a href=\"chatgpt:\/\/generic-entity?number=3\">Vinicius Jr.<\/a> sentenci\u00f3 con un golazo desde fuera del \u00e1rea\u2026 y pidi\u00f3 perd\u00f3n a la afici\u00f3n tras las cr\u00edticas.<\/p>\n\n\n\n<figure class=\"wp-block-video\"><video height=\"788\" style=\"aspect-ratio: 444 \/ 788;\" width=\"444\" controls src=\"https:\/\/pasalapelota.com\/wp-content\/uploads\/2026\/04\/duahwquhtr3plmxc.mp4\"><\/video><\/figure>\n\n\n\n<p>El Bernab\u00e9u no perdon\u00f3. Hubo silbidos para varias figuras, reflejo de una temporada que no termina de convencer. Ni siquiera la ventaja dio tranquilidad: el Alav\u00e9s compiti\u00f3 hasta el final, recort\u00f3 distancias con Toni Mart\u00ednez y estuvo cerca de empatar.<\/p>\n\n\n\n<p class=\"p1\">Adem\u00e1s, <a href=\"chatgpt:\/\/generic-entity?number=4\">Eduardo Camavinga<\/a> volvi\u00f3 a estar en el foco negativo, recibiendo una fuerte bronca del p\u00fablico tras su reciente expulsi\u00f3n en Europa.<\/p>\n\n\n\n<p class=\"p1\">El Madrid se mantiene segundo con 73 puntos, por detr\u00e1s del <a href=\"chatgpt:\/\/generic-entity?number=5\">FC Barcelona<\/a> (79), y sigue dejando la sensaci\u00f3n de ser un equipo irregular y desconectado.<\/p>","protected":false},"excerpt":{"rendered":"<p>Real Madrid gana, pero sigue sin convencer<\/p>\n<p>El Real Madrid venci\u00f3 2-1 al Deportivo Alav\u00e9s con goles de Kylian Mbapp\u00e9 y Vinicius Jr., quienes incluso pidieron perd\u00f3n a la afici\u00f3n. A pesar del triunfo, el equipo dej\u00f3 dudas y el Bernab\u00e9u respondi\u00f3 con pitos en otra noche tensa.<\/p>","protected":false},"author":1,"featured_media":4101,"comment_status":"","ping_status":"open","sticky":false,"template":"","format":"standard","meta":{"_uag_custom_page_level_css":"","_jetpack_memberships_contains_paid_content":false,"footnotes":""},"categories":[54,55],"tags":[126,127,95,125],"class_list":["post-4102","post","type-post","status-publish","format-standard","has-post-thumbnail","hentry","category-futbol-internacional","category-mas-deportes","tag-la-liga","tag-real-madrid","tag-real-madrid-hoy","tag-vinicius-jr"],"featured_image_urls":{"full":["https:\/\/pasalapelota.com\/wp-content\/uploads\/2026\/04\/img_7662.png",1376,768,false],"thumbnail":["https:\/\/pasalapelota.com\/wp-content\/uploads\/2026\/04\/img_7662-150x150.png",150,150,true],"medium":["https:\/\/pasalapelota.com\/wp-content\/uploads\/2026\/04\/img_7662-300x167.png",300,167,true],"medium_large":["https:\/\/pasalapelota.com\/wp-content\/uploads\/2026\/04\/img_7662-768x429.png",768,429,true],"large":["https:\/\/pasalapelota.com\/wp-content\/uploads\/2026\/04\/img_7662-1024x572.png",800,447,true],"1536x1536":["https:\/\/pasalapelota.com\/wp-content\/uploads\/2026\/04\/img_7662.png",1376,768,false],"2048x2048":["https:\/\/pasalapelota.com\/wp-content\/uploads\/2026\/04\/img_7662.png",1376,768,false],"trp-custom-language-flag":["https:\/\/pasalapelota.com\/wp-content\/uploads\/2026\/04\/img_7662-18x10.png",18,10,true],"sportspress-crop-medium":["https:\/\/pasalapelota.com\/wp-content\/uploads\/2026\/04\/img_7662.png",300,167,false],"sportspress-fit-medium":["https:\/\/pasalapelota.com\/wp-content\/uploads\/2026\/04\/img_7662.png",300,167,false],"sportspress-fit-icon":["https:\/\/pasalapelota.com\/wp-content\/uploads\/2026\/04\/img_7662.png",128,71,false],"sportspress-fit-mini":["https:\/\/pasalapelota.com\/wp-content\/uploads\/2026\/04\/img_7662.png",32,18,false]},"author_info":{"info":["Harvey"]},"category_info":"<a href=\"https:\/\/pasalapelota.com\/es\/category\/futbol-internacional\/\" rel=\"category tag\">F\u00fatbol Internacional<\/a> <a href=\"https:\/\/pasalapelota.com\/es\/category\/mas-deportes\/\" rel=\"category tag\">M\u00e1s Deportes<\/a>","tag_info":"M\u00e1s Deportes","comment_count":"0","jetpack_featured_media_url":"https:\/\/pasalapelota.com\/wp-content\/uploads\/2026\/04\/img_7662.png","uagb_featured_image_src":{"full":["https:\/\/pasalapelota.com\/wp-content\/uploads\/2026\/04\/img_7662.png",1376,768,false],"thumbnail":["https:\/\/pasalapelota.com\/wp-content\/uploads\/2026\/04\/img_7662-150x150.png",150,150,true],"medium":["https:\/\/pasalapelota.com\/wp-content\/uploads\/2026\/04\/img_7662-300x167.png",300,167,true],"medium_large":["https:\/\/pasalapelota.com\/wp-content\/uploads\/2026\/04\/img_7662-768x429.png",768,429,true],"large":["https:\/\/pasalapelota.com\/wp-content\/uploads\/2026\/04\/img_7662-1024x572.png",800,447,true],"1536x1536":["https:\/\/pasalapelota.com\/wp-content\/uploads\/2026\/04\/img_7662.png",1376,768,false],"2048x2048":["https:\/\/pasalapelota.com\/wp-content\/uploads\/2026\/04\/img_7662.png",1376,768,false],"trp-custom-language-flag":["https:\/\/pasalapelota.com\/wp-content\/uploads\/2026\/04\/img_7662-18x10.png",18,10,true],"sportspress-crop-medium":["https:\/\/pasalapelota.com\/wp-content\/uploads\/2026\/04\/img_7662.png",300,167,false],"sportspress-fit-medium":["https:\/\/pasalapelota.com\/wp-content\/uploads\/2026\/04\/img_7662.png",300,167,false],"sportspress-fit-icon":["https:\/\/pasalapelota.com\/wp-content\/uploads\/2026\/04\/img_7662.png",128,71,false],"sportspress-fit-mini":["https:\/\/pasalapelota.com\/wp-content\/uploads\/2026\/04\/img_7662.png",32,18,false]},"uagb_author_info":{"display_name":"Harvey","author_link":"https:\/\/pasalapelota.com\/es\/author\/pasalapelotahgmail-com\/"},"uagb_comment_info":0,"uagb_excerpt":"Real Madrid gana, pero sigue sin convencer El Real Madrid venci\u00f3 2-1 al Deportivo Alav\u00e9s con goles de Kylian Mbapp\u00e9 y Vinicius Jr., quienes incluso pidieron perd\u00f3n a la afici\u00f3n. A pesar del triunfo, el equipo dej\u00f3 dudas y el Bernab\u00e9u respondi\u00f3 con pitos en otra noche tensa.","jetpack_sharing_enabled":true,"_links":{"self":[{"href":"https:\/\/pasalapelota.com\/es\/wp-json\/wp\/v2\/posts\/4102","targetHints":{"allow":["GET"]}}],"collection":[{"href":"https:\/\/pasalapelota.com\/es\/wp-json\/wp\/v2\/posts"}],"about":[{"href":"https:\/\/pasalapelota.com\/es\/wp-json\/wp\/v2\/types\/post"}],"author":[{"embeddable":true,"href":"https:\/\/pasalapelota.com\/es\/wp-json\/wp\/v2\/users\/1"}],"replies":[{"embeddable":true,"href":"https:\/\/pasalapelota.com\/es\/wp-json\/wp\/v2\/comments?post=4102"}],"version-history":[{"count":0,"href":"https:\/\/pasalapelota.com\/es\/wp-json\/wp\/v2\/posts\/4102\/revisions"}],"wp:featuredmedia":[{"embeddable":true,"href":"https:\/\/pasalapelota.com\/es\/wp-json\/wp\/v2\/media\/4101"}],"wp:attachment":[{"href":"https:\/\/pasalapelota.com\/es\/wp-json\/wp\/v2\/media?parent=4102"}],"wp:term":[{"taxonomy":"category","embeddable":true,"href":"https:\/\/pasalapelota.com\/es\/wp-json\/wp\/v2\/categories?post=4102"},{"taxonomy":"post_tag","embeddable":true,"href":"https:\/\/pasalapelota.com\/es\/wp-json\/wp\/v2\/tags?post=4102"}],"curies":[{"name":"wp","href":"https:\/\/api.w.org\/{rel}","templated":true}]}}