{"id":4110,"date":"2026-04-22T23:20:56","date_gmt":"2026-04-22T23:20:56","guid":{"rendered":"https:\/\/pasalapelota.com\/%f0%9f%9a%a8lamine-yamal-fuera-del-mundial\/"},"modified":"2026-04-22T23:20:56","modified_gmt":"2026-04-22T23:20:56","slug":"%f0%9f%9a%a8lamine-yamal-fuera-del-mundial","status":"publish","type":"post","link":"https:\/\/pasalapelota.com\/es\/%f0%9f%9a%a8lamine-yamal-fuera-del-mundial\/","title":{"rendered":"\ud83d\udea8LAMINE YAMAL, \u00bfFUERA DEL MUNDIAL ?"},"content":{"rendered":"<figure class=\"wp-block-image size-large\"><img fetchpriority=\"high\" decoding=\"async\" width=\"1024\" height=\"947\" src=\"https:\/\/pasalapelota.com\/wp-content\/uploads\/2026\/04\/img_7672-1024x947.jpg\" class=\"wp-image-4107\" srcset=\"https:\/\/pasalapelota.com\/wp-content\/uploads\/2026\/04\/img_7672-1024x947.jpg 1024w, https:\/\/pasalapelota.com\/wp-content\/uploads\/2026\/04\/img_7672-300x277.jpg 300w, https:\/\/pasalapelota.com\/wp-content\/uploads\/2026\/04\/img_7672-768x710.jpg 768w, https:\/\/pasalapelota.com\/wp-content\/uploads\/2026\/04\/img_7672-1536x1420.jpg 1536w, https:\/\/pasalapelota.com\/wp-content\/uploads\/2026\/04\/img_7672-13x12.jpg 13w, https:\/\/pasalapelota.com\/wp-content\/uploads\/2026\/04\/img_7672.jpg 2000w\" sizes=\"(max-width: 1024px) 100vw, 1024px\" \/><\/figure>\n\n\n\n<p><\/p>\n\n\n\n<p><strong>\u00a1UNA PESADILLA REAL!&nbsp;<\/strong><\/p>\n\n\n\n<p>Lo que deb\u00eda ser la consagraci\u00f3n de un genio ha terminado en la noticia m\u00e1s devastadora de la d\u00e9cada. \u00a1Se acab\u00f3! El diagn\u00f3stico es una pu\u00f1alada al coraz\u00f3n de la afici\u00f3n: Lamine Yamal dice adi\u00f3s a la Copa del Mundo. El sue\u00f1o de 2026 salta por los aires en el momento m\u00e1s inesperado.<\/p>\n\n\n\n<h2 class=\"wp-block-heading\">El Minuto del Desastre: 40&#8242;<\/h2>\n\n\n\n<figure class=\"wp-block-video\"><video height=\"1920\" style=\"aspect-ratio: 1080 \/ 1920;\" width=\"1080\" controls src=\"https:\/\/pasalapelota.com\/wp-content\/uploads\/2026\/04\/k4zuy-nooxci-rrc.mp4\"><\/video><\/figure>\n\n\n\n<h2 class=\"wp-block-heading\">El Parte M\u00e9dico: \u00a1Rotura Total!<\/h2>\n\n\n\n<p>Nadie lo pod\u00eda creer. En el minuto 40, tras inventarse una jugada de otro planeta para poner el 1-0 contra el Celta, la tragedia golpe\u00f3. Al impactar el bal\u00f3n, el m\u00fasculo de Lamine estall\u00f3. Marc\u00f3 el gol de la victoria, pero fue su \u00faltimo servicio del a\u00f1o. Se desplom\u00f3 sobre el c\u00e9sped con la mirada perdida: \u00e9l ya sab\u00eda que el Mundial se le escapaba.<\/p>\n\n\n\n<h2 class=\"wp-block-heading\">\u00bfMundial o Televisi\u00f3n? La Duda Mortal<\/h2>\n\n\n\n<p class=\"p1\">La gravedad de la lesi\u00f3n ha activado todas las alarmas.<\/p>\n\n\n\n<p class=\"p2\">\u2022 <strong>Sentencia Cul\u00e9<\/strong>: Los m\u00e9dicos del Bar\u00e7a son tajantes: la temporada de Lamine en azulgrana ha terminado. No se le volver\u00e1 a ver en la Liga .<\/p>\n\n\n\n<p class=\"p2\">\u2022 <strong>Inc\u00f3gnita Selecci\u00f3n<\/strong>: Aunque la lesi\u00f3n es grave, el entorno del jugador no tira la toalla. Es una carrera contra el reloj vial (vital). A d\u00eda de hoy, nadie puede asegurar que juegue el Mundial, pero tampoco est\u00e1 descartado. \u00a1Semanas de angustia por delante!<\/p>\n\n\n\n<h2 class=\"wp-block-heading\">Incertidumbre total: El Bar\u00e7a y la Roja en vilo<\/h2>\n\n\n\n<p><strong>Primer asalto sin el 10:<\/strong><\/p>\n\n\n\n<p>Hansi Flick tiene que reinventar su ataque este mismo s\u00e1bado 25 de abril contra el Getafe en el Coliseum. El vestuario est\u00e1 hundido tras perder a su referente para el tramo m\u00e1s decisivo.<\/p>\n\n\n\n<p><strong>La fecha marcada en el calendario:<\/strong><\/p>\n\n\n\n<p>Espa\u00f1a entera reza para que la recuperaci\u00f3n sea un milagro y Lamine pueda estar en el debut mundialista:<\/p>\n\n\n\n<p class=\"p1\"><strong>Lunes, 15 de junio de 2026<\/strong><\/p>\n\n\n\n<p class=\"p2\"><strong>ESPA\u00d1A vs CABO VERDE<\/strong><\/p>\n\n\n\n<p class=\"p2\"><strong>Lugar: Atlanta, EE. UU.<\/strong><\/p>\n\n\n\n<p class=\"has-text-align-center\">\u00bf<strong>Ser\u00e1 capaz Lamine de obrar el milagro o se quedar\u00e1 el torneo sin su mayor estrella? \u00a1La cuenta atr\u00e1s m\u00e1s dram\u00e1tica ha comenzado!<\/strong><\/p>","protected":false},"excerpt":{"rendered":"<p>DRAMA TOTAL! EL BAR\u00c7A PIERDE A LAMINE Y EL MUNDIAL PENDE DE UN HILO<\/p>","protected":false},"author":1,"featured_media":4109,"comment_status":"","ping_status":"open","sticky":false,"template":"","format":"standard","meta":{"_uag_custom_page_level_css":"","_jetpack_memberships_contains_paid_content":false,"footnotes":""},"categories":[54,55,52],"tags":[68,129,126,66,58,130],"class_list":["post-4110","post","type-post","status-publish","format-standard","has-post-thumbnail","hentry","category-futbol-internacional","category-mas-deportes","category-world-cup-2026","tag-barca","tag-barcelona","tag-la-liga","tag-lamine-yamal","tag-mundial-2026","tag-yamal-barca"],"featured_image_urls":{"full":["https:\/\/pasalapelota.com\/wp-content\/uploads\/2026\/04\/img_7680.png",1024,1024,false],"thumbnail":["https:\/\/pasalapelota.com\/wp-content\/uploads\/2026\/04\/img_7680-150x150.png",150,150,true],"medium":["https:\/\/pasalapelota.com\/wp-content\/uploads\/2026\/04\/img_7680-300x300.png",300,300,true],"medium_large":["https:\/\/pasalapelota.com\/wp-content\/uploads\/2026\/04\/img_7680-768x768.png",768,768,true],"large":["https:\/\/pasalapelota.com\/wp-content\/uploads\/2026\/04\/img_7680.png",800,800,false],"1536x1536":["https:\/\/pasalapelota.com\/wp-content\/uploads\/2026\/04\/img_7680.png",1024,1024,false],"2048x2048":["https:\/\/pasalapelota.com\/wp-content\/uploads\/2026\/04\/img_7680.png",1024,1024,false],"trp-custom-language-flag":["https:\/\/pasalapelota.com\/wp-content\/uploads\/2026\/04\/img_7680-12x12.png",12,12,true],"sportspress-crop-medium":["https:\/\/pasalapelota.com\/wp-content\/uploads\/2026\/04\/img_7680.png",300,300,false],"sportspress-fit-medium":["https:\/\/pasalapelota.com\/wp-content\/uploads\/2026\/04\/img_7680.png",300,300,false],"sportspress-fit-icon":["https:\/\/pasalapelota.com\/wp-content\/uploads\/2026\/04\/img_7680.png",128,128,false],"sportspress-fit-mini":["https:\/\/pasalapelota.com\/wp-content\/uploads\/2026\/04\/img_7680.png",32,32,false]},"author_info":{"info":["Harvey"]},"category_info":"<a href=\"https:\/\/pasalapelota.com\/es\/category\/futbol-internacional\/\" rel=\"category tag\">F\u00fatbol Internacional<\/a> <a href=\"https:\/\/pasalapelota.com\/es\/category\/mas-deportes\/\" rel=\"category tag\">M\u00e1s Deportes<\/a> <a href=\"https:\/\/pasalapelota.com\/es\/category\/world-cup-2026\/\" rel=\"category tag\">World Cup 2026<\/a>","tag_info":"World Cup 2026","comment_count":"0","jetpack_featured_media_url":"https:\/\/pasalapelota.com\/wp-content\/uploads\/2026\/04\/img_7680.png","uagb_featured_image_src":{"full":["https:\/\/pasalapelota.com\/wp-content\/uploads\/2026\/04\/img_7680.png",1024,1024,false],"thumbnail":["https:\/\/pasalapelota.com\/wp-content\/uploads\/2026\/04\/img_7680-150x150.png",150,150,true],"medium":["https:\/\/pasalapelota.com\/wp-content\/uploads\/2026\/04\/img_7680-300x300.png",300,300,true],"medium_large":["https:\/\/pasalapelota.com\/wp-content\/uploads\/2026\/04\/img_7680-768x768.png",768,768,true],"large":["https:\/\/pasalapelota.com\/wp-content\/uploads\/2026\/04\/img_7680.png",800,800,false],"1536x1536":["https:\/\/pasalapelota.com\/wp-content\/uploads\/2026\/04\/img_7680.png",1024,1024,false],"2048x2048":["https:\/\/pasalapelota.com\/wp-content\/uploads\/2026\/04\/img_7680.png",1024,1024,false],"trp-custom-language-flag":["https:\/\/pasalapelota.com\/wp-content\/uploads\/2026\/04\/img_7680-12x12.png",12,12,true],"sportspress-crop-medium":["https:\/\/pasalapelota.com\/wp-content\/uploads\/2026\/04\/img_7680.png",300,300,false],"sportspress-fit-medium":["https:\/\/pasalapelota.com\/wp-content\/uploads\/2026\/04\/img_7680.png",300,300,false],"sportspress-fit-icon":["https:\/\/pasalapelota.com\/wp-content\/uploads\/2026\/04\/img_7680.png",128,128,false],"sportspress-fit-mini":["https:\/\/pasalapelota.com\/wp-content\/uploads\/2026\/04\/img_7680.png",32,32,false]},"uagb_author_info":{"display_name":"Harvey","author_link":"https:\/\/pasalapelota.com\/es\/author\/pasalapelotahgmail-com\/"},"uagb_comment_info":0,"uagb_excerpt":"DRAMA TOTAL! EL BAR\u00c7A PIERDE A LAMINE Y EL MUNDIAL PENDE DE UN HILO","jetpack_sharing_enabled":true,"_links":{"self":[{"href":"https:\/\/pasalapelota.com\/es\/wp-json\/wp\/v2\/posts\/4110","targetHints":{"allow":["GET"]}}],"collection":[{"href":"https:\/\/pasalapelota.com\/es\/wp-json\/wp\/v2\/posts"}],"about":[{"href":"https:\/\/pasalapelota.com\/es\/wp-json\/wp\/v2\/types\/post"}],"author":[{"embeddable":true,"href":"https:\/\/pasalapelota.com\/es\/wp-json\/wp\/v2\/users\/1"}],"replies":[{"embeddable":true,"href":"https:\/\/pasalapelota.com\/es\/wp-json\/wp\/v2\/comments?post=4110"}],"version-history":[{"count":0,"href":"https:\/\/pasalapelota.com\/es\/wp-json\/wp\/v2\/posts\/4110\/revisions"}],"wp:featuredmedia":[{"embeddable":true,"href":"https:\/\/pasalapelota.com\/es\/wp-json\/wp\/v2\/media\/4109"}],"wp:attachment":[{"href":"https:\/\/pasalapelota.com\/es\/wp-json\/wp\/v2\/media?parent=4110"}],"wp:term":[{"taxonomy":"category","embeddable":true,"href":"https:\/\/pasalapelota.com\/es\/wp-json\/wp\/v2\/categories?post=4110"},{"taxonomy":"post_tag","embeddable":true,"href":"https:\/\/pasalapelota.com\/es\/wp-json\/wp\/v2\/tags?post=4110"}],"curies":[{"name":"wp","href":"https:\/\/api.w.org\/{rel}","templated":true}]}}