{"id":4146,"date":"2026-04-27T16:33:29","date_gmt":"2026-04-27T16:33:29","guid":{"rendered":"https:\/\/pasalapelota.com\/baja-critica-militao-se-rompe-y-brasil-se-queda-sin-su-muro-para-el-mundial-2026\/"},"modified":"2026-04-27T16:54:23","modified_gmt":"2026-04-27T16:54:23","slug":"baja-critica-militao-se-rompe-y-brasil-se-queda-sin-su-muro-para-el-mundial-2026","status":"publish","type":"post","link":"https:\/\/pasalapelota.com\/es\/baja-critica-militao-se-rompe-y-brasil-se-queda-sin-su-muro-para-el-mundial-2026\/","title":{"rendered":"&nbsp;\u00a1BAJA CRITICA ! Eder Militao se rompe y Brasil se queda sin su muro para el Mundial 2026"},"content":{"rendered":"<p>Eder Militao se despide oficialmente del sue\u00f1o mundialista. El central del Real Madrid viajar\u00e1 a Finlandia para ser operado de una lesi\u00f3n en el b\u00edceps femoral izquierdo que, al afectar una cicatriz previa, le exigir\u00e1 cinco meses de baja.<\/p>\n\n\n\n<p class=\"p1\">\u2022 El motivo: Se resinti\u00f3 de una lesi\u00f3n antigua durante el partido contra el Alav\u00e9s. Ser\u00e1 intervenido por el especialista Lasse Lempainen.<\/p>\n\n\n\n<p class=\"p1\">\u2022 Historial fr\u00e1gil: El defensor de 28 a\u00f1os arrastra tres temporadas marcadas por la falta de continuidad, sin superar los 21 partidos por ciclo.<\/p>\n\n\n\n<p class=\"p1\">\u2022 <strong>Brasil<\/strong> en emergencia: Su ausencia se suma a las bajas confirmadas de Rodrygo (ligamento cruzado) y la seria duda de Estevao (isquiotibiales).<\/p>\n\n\n\n<p class=\"p2\">Un golpe dur\u00edsimo para el esquema de Brasil, que pierde a su l\u00edder defensivo a las puertas de la gran cita en Norteam\u00e9rica.<\/p>\n\n\n\n<p class=\"has-text-align-center p1\"><strong>El debut de Brasil en el Mundial 2026 ser\u00e1 contra Marruecos. Aqu\u00ed tienes los detalles clave:<\/strong><\/p>\n\n\n\n<p class=\"p2\">\u2022 Fecha: S\u00e1bado, 13 de junio de 2026.<\/p>\n\n\n\n<p class=\"p2\">\u2022 Estadio: MetLife Stadium.<\/p>\n\n\n\n<p class=\"p2\">\u2022 Ciudad: East Rutherford, Nueva Jersey (\u00e1rea de Nueva York).<\/p>\n\n\n\n<p class=\"p2\">\u2022 Instancia: Fase de Grupos (Grupo C).<\/p>\n\n\n\n<p class=\"p1\">Ser\u00e1 una prueba de fuego para la Canarinha, enfrentando a una selecci\u00f3n marroqu\u00ed que ya demostr\u00f3 de lo que es capaz en el mundial pasado. Adem\u00e1s, toda la fase de grupos de Brasil se jugar\u00e1 en la Costa Este de Estados Unidos, por lo que se espera una marea amarilla en esa zona del pa\u00eds.<\/p>\n\n\n\n<p class=\"p1\">\u00bfCrees que Brasil logre superar las bajas de Militao y Rodrygo para este primer gran examen?<\/p>\n\n\n\n<p><\/p>","protected":false},"excerpt":{"rendered":"<p>Eder Militao se despide oficialmente del sue\u00f1o mundialista. El central del Real Madrid viajar\u00e1 a Finlandia para ser operado de una lesi\u00f3n en el b\u00edceps femoral izquierdo que, al afectar una cicatriz previa, le exigir\u00e1 cinco meses de baja. \u2022 El motivo: Se resinti\u00f3 de una lesi\u00f3n antigua durante el partido contra el Alav\u00e9s. Ser\u00e1 [&hellip;]<\/p>\n","protected":false},"author":1,"featured_media":4145,"comment_status":"closed","ping_status":"open","sticky":false,"template":"","format":"standard","meta":{"_uag_custom_page_level_css":"","_jetpack_memberships_contains_paid_content":false,"footnotes":""},"categories":[52],"tags":[148,149,150,58,59],"class_list":["post-4146","post","type-post","status-publish","format-standard","has-post-thumbnail","hentry","category-world-cup-2026","tag-brasil","tag-eder-militao","tag-eder-militao-lesion","tag-mundial-2026","tag-world-cup-2026"],"featured_image_urls":{"full":["https:\/\/pasalapelota.com\/wp-content\/uploads\/2026\/04\/img_7849.jpg",1284,851,false],"thumbnail":["https:\/\/pasalapelota.com\/wp-content\/uploads\/2026\/04\/img_7849-150x150.jpg",150,150,true],"medium":["https:\/\/pasalapelota.com\/wp-content\/uploads\/2026\/04\/img_7849-300x199.jpg",300,199,true],"medium_large":["https:\/\/pasalapelota.com\/wp-content\/uploads\/2026\/04\/img_7849-768x509.jpg",768,509,true],"large":["https:\/\/pasalapelota.com\/wp-content\/uploads\/2026\/04\/img_7849-1024x679.jpg",800,530,true],"1536x1536":["https:\/\/pasalapelota.com\/wp-content\/uploads\/2026\/04\/img_7849.jpg",1284,851,false],"2048x2048":["https:\/\/pasalapelota.com\/wp-content\/uploads\/2026\/04\/img_7849.jpg",1284,851,false],"trp-custom-language-flag":["https:\/\/pasalapelota.com\/wp-content\/uploads\/2026\/04\/img_7849-18x12.jpg",18,12,true],"sportspress-crop-medium":["https:\/\/pasalapelota.com\/wp-content\/uploads\/2026\/04\/img_7849.jpg",300,199,false],"sportspress-fit-medium":["https:\/\/pasalapelota.com\/wp-content\/uploads\/2026\/04\/img_7849.jpg",300,199,false],"sportspress-fit-icon":["https:\/\/pasalapelota.com\/wp-content\/uploads\/2026\/04\/img_7849.jpg",128,85,false],"sportspress-fit-mini":["https:\/\/pasalapelota.com\/wp-content\/uploads\/2026\/04\/img_7849.jpg",32,21,false]},"author_info":{"info":["Harvey"]},"category_info":"<a href=\"https:\/\/pasalapelota.com\/es\/category\/world-cup-2026\/\" rel=\"category tag\">World Cup 2026<\/a>","tag_info":"World Cup 2026","comment_count":"0","jetpack_featured_media_url":"https:\/\/pasalapelota.com\/wp-content\/uploads\/2026\/04\/img_7849.jpg","uagb_featured_image_src":{"full":["https:\/\/pasalapelota.com\/wp-content\/uploads\/2026\/04\/img_7849.jpg",1284,851,false],"thumbnail":["https:\/\/pasalapelota.com\/wp-content\/uploads\/2026\/04\/img_7849-150x150.jpg",150,150,true],"medium":["https:\/\/pasalapelota.com\/wp-content\/uploads\/2026\/04\/img_7849-300x199.jpg",300,199,true],"medium_large":["https:\/\/pasalapelota.com\/wp-content\/uploads\/2026\/04\/img_7849-768x509.jpg",768,509,true],"large":["https:\/\/pasalapelota.com\/wp-content\/uploads\/2026\/04\/img_7849-1024x679.jpg",800,530,true],"1536x1536":["https:\/\/pasalapelota.com\/wp-content\/uploads\/2026\/04\/img_7849.jpg",1284,851,false],"2048x2048":["https:\/\/pasalapelota.com\/wp-content\/uploads\/2026\/04\/img_7849.jpg",1284,851,false],"trp-custom-language-flag":["https:\/\/pasalapelota.com\/wp-content\/uploads\/2026\/04\/img_7849-18x12.jpg",18,12,true],"sportspress-crop-medium":["https:\/\/pasalapelota.com\/wp-content\/uploads\/2026\/04\/img_7849.jpg",300,199,false],"sportspress-fit-medium":["https:\/\/pasalapelota.com\/wp-content\/uploads\/2026\/04\/img_7849.jpg",300,199,false],"sportspress-fit-icon":["https:\/\/pasalapelota.com\/wp-content\/uploads\/2026\/04\/img_7849.jpg",128,85,false],"sportspress-fit-mini":["https:\/\/pasalapelota.com\/wp-content\/uploads\/2026\/04\/img_7849.jpg",32,21,false]},"uagb_author_info":{"display_name":"Harvey","author_link":"https:\/\/pasalapelota.com\/es\/author\/pasalapelotahgmail-com\/"},"uagb_comment_info":0,"uagb_excerpt":"Eder Militao se despide oficialmente del sue\u00f1o mundialista. El central del Real Madrid viajar\u00e1 a Finlandia para ser operado de una lesi\u00f3n en el b\u00edceps femoral izquierdo que, al afectar una cicatriz previa, le exigir\u00e1 cinco meses de baja. \u2022 El motivo: Se resinti\u00f3 de una lesi\u00f3n antigua durante el partido contra el Alav\u00e9s. Ser\u00e1&hellip;","jetpack_sharing_enabled":true,"_links":{"self":[{"href":"https:\/\/pasalapelota.com\/es\/wp-json\/wp\/v2\/posts\/4146","targetHints":{"allow":["GET"]}}],"collection":[{"href":"https:\/\/pasalapelota.com\/es\/wp-json\/wp\/v2\/posts"}],"about":[{"href":"https:\/\/pasalapelota.com\/es\/wp-json\/wp\/v2\/types\/post"}],"author":[{"embeddable":true,"href":"https:\/\/pasalapelota.com\/es\/wp-json\/wp\/v2\/users\/1"}],"replies":[{"embeddable":true,"href":"https:\/\/pasalapelota.com\/es\/wp-json\/wp\/v2\/comments?post=4146"}],"version-history":[{"count":1,"href":"https:\/\/pasalapelota.com\/es\/wp-json\/wp\/v2\/posts\/4146\/revisions"}],"predecessor-version":[{"id":4148,"href":"https:\/\/pasalapelota.com\/es\/wp-json\/wp\/v2\/posts\/4146\/revisions\/4148"}],"wp:featuredmedia":[{"embeddable":true,"href":"https:\/\/pasalapelota.com\/es\/wp-json\/wp\/v2\/media\/4145"}],"wp:attachment":[{"href":"https:\/\/pasalapelota.com\/es\/wp-json\/wp\/v2\/media?parent=4146"}],"wp:term":[{"taxonomy":"category","embeddable":true,"href":"https:\/\/pasalapelota.com\/es\/wp-json\/wp\/v2\/categories?post=4146"},{"taxonomy":"post_tag","embeddable":true,"href":"https:\/\/pasalapelota.com\/es\/wp-json\/wp\/v2\/tags?post=4146"}],"curies":[{"name":"wp","href":"https:\/\/api.w.org\/{rel}","templated":true}]}}