{"id":4244,"date":"2026-04-28T12:53:34","date_gmt":"2026-04-28T17:53:34","guid":{"rendered":"https:\/\/pasalapelota.com\/previa-psg-vs-bayern-munich-posibles-alineaciones-la-baja-de-kompany-y-el-mensaje-de-luis-enrique\/"},"modified":"2026-04-28T12:53:34","modified_gmt":"2026-04-28T17:53:34","slug":"previa-psg-vs-bayern-munich-posibles-alineaciones-la-baja-de-kompany-y-el-mensaje-de-luis-enrique","status":"publish","type":"post","link":"https:\/\/pasalapelota.com\/es\/previa-psg-vs-bayern-munich-posibles-alineaciones-la-baja-de-kompany-y-el-mensaje-de-luis-enrique\/","title":{"rendered":"Previa PSG vs Bayern Munich: posibles alineaciones, la baja de Kompany y el mensaje de Luis Enrique"},"content":{"rendered":"<p>El Paris Saint-Germain recibe esta noche al Bayern Munich en el Parque de los Pr\u00edncipes (2:00 a.m., 29 de abril) por la ida de las semifinales de la UEFA Champions League, en un duelo que enfrenta a dos de los equipos m\u00e1s en forma de Europa.<\/p>\n\n\n\n<h2 class=\"wp-block-heading\">Contexto del partido<\/h2>\n\n\n\n<p class=\"p1\">Ambos equipos llegan con un rendimiento s\u00f3lido. El Bayern ha sido uno de los m\u00e1s contundentes del torneo, eliminando al Real Madrid en cuartos de final tras una serie muy intensa.<\/p>\n\n\n\n<p class=\"p1\">El conjunto alem\u00e1n, donde destaca Luis D\u00edaz, termin\u00f3 segundo en la fase de liga y ha mantenido un ritmo arrollador en las rondas eliminatorias.<\/p>\n\n\n\n<p class=\"p1\">Por su parte, el PSG llega con confianza total y con un proyecto consolidado bajo el mando de Luis Enrique.<\/p>\n\n\n\n<h2 class=\"wp-block-heading\">Luis Enrique lanza advertencia<\/h2>\n\n\n\n<figure class=\"wp-block-image size-large\"><img fetchpriority=\"high\" decoding=\"async\" width=\"730\" height=\"502\" src=\"https:\/\/pasalapelota.com\/wp-content\/uploads\/2026\/04\/img_7895.png\" alt=\"\" class=\"wp-image-4236\" srcset=\"https:\/\/pasalapelota.com\/wp-content\/uploads\/2026\/04\/img_7895.png 730w, https:\/\/pasalapelota.com\/wp-content\/uploads\/2026\/04\/img_7895-300x206.png 300w, https:\/\/pasalapelota.com\/wp-content\/uploads\/2026\/04\/img_7895-18x12.png 18w, https:\/\/pasalapelota.com\/wp-content\/uploads\/2026\/04\/img_7895-128x88.png 128w, https:\/\/pasalapelota.com\/wp-content\/uploads\/2026\/04\/img_7895-32x22.png 32w\" sizes=\"(max-width: 730px) 100vw, 730px\" \/><\/figure>\n\n\n\n<p class=\"p1\">En rueda de prensa, el t\u00e9cnico del PSG fue claro y directo:<\/p>\n\n\n\n<p class=\"p1\">\ud83d\udc49 \u201cRespetamos al Bayern, como lo hicimos con Liverpool y Chelsea, pero en mi opini\u00f3n no hay un equipo mejor que nosotros\u201d.<\/p>\n\n\n\n<p class=\"p1\">Una declaraci\u00f3n que refleja la seguridad del equipo parisino en este momento clave de la temporada.<\/p>\n\n\n\n<h2 class=\"wp-block-heading\">Luis D\u00edaz, figura del Bayern<\/h2>\n\n\n\n<figure class=\"wp-block-image size-large\"><img decoding=\"async\" width=\"820\" height=\"1024\" src=\"https:\/\/pasalapelota.com\/wp-content\/uploads\/2026\/04\/img_7898-820x1024.jpg\" class=\"wp-image-4241\" srcset=\"https:\/\/pasalapelota.com\/wp-content\/uploads\/2026\/04\/img_7898-820x1024.jpg 820w, https:\/\/pasalapelota.com\/wp-content\/uploads\/2026\/04\/img_7898-240x300.jpg 240w, https:\/\/pasalapelota.com\/wp-content\/uploads\/2026\/04\/img_7898-768x959.jpg 768w, https:\/\/pasalapelota.com\/wp-content\/uploads\/2026\/04\/img_7898-1230x1536.jpg 1230w, https:\/\/pasalapelota.com\/wp-content\/uploads\/2026\/04\/img_7898-10x12.jpg 10w, https:\/\/pasalapelota.com\/wp-content\/uploads\/2026\/04\/img_7898-102x128.jpg 102w, https:\/\/pasalapelota.com\/wp-content\/uploads\/2026\/04\/img_7898-26x32.jpg 26w, https:\/\/pasalapelota.com\/wp-content\/uploads\/2026\/04\/img_7898.jpg 1601w\" sizes=\"(max-width: 820px) 100vw, 820px\" \/><\/figure>\n\n\n\n<p class=\"p1\">El colombiano Luis D\u00edaz llega como uno de los jugadores m\u00e1s determinantes del Bayern esta temporada:<\/p>\n\n\n\n<p class=\"p2\">25 goles 20 asistencias 45 partidos disputados<\/p>\n\n\n\n<p class=\"p1\">N\u00fameros que lo posicionan como uno de los futbolistas m\u00e1s influyentes del torneo y candidato a pelear por el Bal\u00f3n de Oro si logra t\u00edtulos importantes.<\/p>\n\n\n\n<h2 class=\"wp-block-heading\">La baja clave: Kompany no estar\u00e1 en el banquillo<\/h2>\n\n\n\n<figure class=\"wp-block-image size-large\"><img decoding=\"async\" width=\"800\" height=\"879\" src=\"https:\/\/pasalapelota.com\/wp-content\/uploads\/2026\/04\/img_7896.jpg\" alt=\"\" class=\"wp-image-4237\" srcset=\"https:\/\/pasalapelota.com\/wp-content\/uploads\/2026\/04\/img_7896.jpg 800w, https:\/\/pasalapelota.com\/wp-content\/uploads\/2026\/04\/img_7896-273x300.jpg 273w, https:\/\/pasalapelota.com\/wp-content\/uploads\/2026\/04\/img_7896-768x844.jpg 768w, https:\/\/pasalapelota.com\/wp-content\/uploads\/2026\/04\/img_7896-11x12.jpg 11w, https:\/\/pasalapelota.com\/wp-content\/uploads\/2026\/04\/img_7896-116x128.jpg 116w, https:\/\/pasalapelota.com\/wp-content\/uploads\/2026\/04\/img_7896-29x32.jpg 29w\" sizes=\"(max-width: 800px) 100vw, 800px\" \/><\/figure>\n\n\n\n<p class=\"p1\">El Bayern tendr\u00e1 una ausencia importante fuera del campo: su entrenador Vincent Kompany no podr\u00e1 dirigir desde la banda debido a una suspensi\u00f3n por acumulaci\u00f3n de tarjetas.<\/p>\n\n\n\n<p class=\"p2\">Seguir\u00e1 el partido desde la grada No podr\u00e1 entrar al vestuario ni al t\u00fanel No tendr\u00e1 contacto con el equipo durante el juego No podr\u00e1 usar tel\u00e9fono Su asistente Aaron Danks dirigir\u00e1 desde el banquillo<\/p>\n\n\n\n<p class=\"p1\">Kompany solo podr\u00e1 dar instrucciones antes del partido y luego quedar\u00e1 completamente aislado bajo supervisi\u00f3n de la UEFA.<\/p>\n\n\n\n<p class=\"p1\">\ud83d\udc49 Una situaci\u00f3n que representa un golpe t\u00e1ctico y emocional para el equipo alem\u00e1n en una semifinal de este nivel.<\/p>\n\n\n\n<h2 class=\"wp-block-heading\">Posibles alineaciones<\/h2>\n\n\n\n<figure class=\"wp-block-image size-large\"><img loading=\"lazy\" decoding=\"async\" width=\"819\" height=\"1024\" src=\"https:\/\/pasalapelota.com\/wp-content\/uploads\/2026\/04\/2555d1cb-162c-4540-b676-768f006cc35b-1-1-819x1024.png\" class=\"wp-image-4243\" srcset=\"https:\/\/pasalapelota.com\/wp-content\/uploads\/2026\/04\/2555d1cb-162c-4540-b676-768f006cc35b-1-1-819x1024.png 819w, https:\/\/pasalapelota.com\/wp-content\/uploads\/2026\/04\/2555d1cb-162c-4540-b676-768f006cc35b-1-1-240x300.png 240w, https:\/\/pasalapelota.com\/wp-content\/uploads\/2026\/04\/2555d1cb-162c-4540-b676-768f006cc35b-1-1-768x960.png 768w, https:\/\/pasalapelota.com\/wp-content\/uploads\/2026\/04\/2555d1cb-162c-4540-b676-768f006cc35b-1-1-10x12.png 10w, https:\/\/pasalapelota.com\/wp-content\/uploads\/2026\/04\/2555d1cb-162c-4540-b676-768f006cc35b-1-1-102x128.png 102w, https:\/\/pasalapelota.com\/wp-content\/uploads\/2026\/04\/2555d1cb-162c-4540-b676-768f006cc35b-1-1-26x32.png 26w, https:\/\/pasalapelota.com\/wp-content\/uploads\/2026\/04\/2555d1cb-162c-4540-b676-768f006cc35b-1-1.png 1122w\" sizes=\"(max-width: 819px) 100vw, 819px\" \/><\/figure>\n\n\n\n<p class=\"p1\">PSG (4-3-3)<\/p>\n\n\n\n<p class=\"p3\">Safonov<\/p>\n\n\n\n<p class=\"p3\">Hakimi \u2013 Marquinhos \u2013 Pacho \u2013 Nuno Mendes<\/p>\n\n\n\n<p class=\"p3\">Jo\u00e3o Neves \u2013 Vitinha \u2013 Za\u00efre-Emery<\/p>\n\n\n\n<p class=\"p3\">Dou\u00e9 \u2013 Demb\u00e9l\u00e9 \u2013 Kvaratskhelia<\/p>\n\n\n\n<p class=\"p1\"><strong>Bayern Munich (4-2-3-1)<\/strong><\/p>\n\n\n\n<p class=\"p3\">Neuer<\/p>\n\n\n\n<p class=\"p3\">Stanisic \u2013 Upamecano \u2013 Tah \u2013 Laimer<\/p>\n\n\n\n<p class=\"p3\">Kimmich \u2013 Pavlovic<\/p>\n\n\n\n<p class=\"p3\">Olise \u2013 Musiala \u2013 Luis D\u00edaz<\/p>\n\n\n\n<p class=\"p3\">Kane<\/p>\n\n\n\n<h2 class=\"wp-block-heading\">Pron\u00f3stico<\/h2>\n\n\n\n<p>Se espera un partido muy equilibrado. PSG intentar\u00e1 imponer condiciones en casa, mientras Bayern apostar\u00e1 por su poder ofensivo y la inspiraci\u00f3n de figuras como Luis D\u00edaz y Harry Kane.<\/p>\n\n\n\n<h2 class=\"wp-block-heading\">Conclusi\u00f3n<\/h2>\n\n\n\n<p class=\"p1\">Todo est\u00e1 listo para una semifinal de alto voltaje en Par\u00eds. PSG llega con confianza total, mientras Bayern busca imponerse pese a la ausencia de su entrenador en el banquillo.<\/p>\n\n\n\n<p class=\"p1\">Una noche de Champions que puede definir la temporada de ambos clubes \ud83d\udd25<\/p>\n\n\n\n<p><\/p>","protected":false},"excerpt":{"rendered":"<p>El Paris Saint-Germain recibe esta noche al Bayern Munich en el Parque de los Pr\u00edncipes (2:00 a.m., 29 de abril) por la ida de las semifinales de la UEFA Champions League, en un duelo que enfrenta a dos de los equipos m\u00e1s en forma de Europa. Contexto del partido Ambos equipos llegan con un rendimiento [&hellip;]<\/p>\n","protected":false},"author":1,"featured_media":4240,"comment_status":"","ping_status":"open","sticky":false,"template":"","format":"standard","meta":{"_uag_custom_page_level_css":"","_jetpack_memberships_contains_paid_content":false,"footnotes":""},"categories":[54,55],"tags":[123,71,94,74],"class_list":["post-4244","post","type-post","status-publish","format-standard","has-post-thumbnail","hentry","category-futbol-internacional","category-mas-deportes","tag-bayern-munich","tag-champions-league-hoy","tag-luis-diaz","tag-psg"],"featured_image_urls":{"full":["https:\/\/pasalapelota.com\/wp-content\/uploads\/2026\/04\/127d34ab-3662-4600-9ee5-913c27c839d1-1.png",1024,1536,false],"thumbnail":["https:\/\/pasalapelota.com\/wp-content\/uploads\/2026\/04\/127d34ab-3662-4600-9ee5-913c27c839d1-1-150x150.png",150,150,true],"medium":["https:\/\/pasalapelota.com\/wp-content\/uploads\/2026\/04\/127d34ab-3662-4600-9ee5-913c27c839d1-1-200x300.png",200,300,true],"medium_large":["https:\/\/pasalapelota.com\/wp-content\/uploads\/2026\/04\/127d34ab-3662-4600-9ee5-913c27c839d1-1-768x1152.png",768,1152,true],"large":["https:\/\/pasalapelota.com\/wp-content\/uploads\/2026\/04\/127d34ab-3662-4600-9ee5-913c27c839d1-1-683x1024.png",683,1024,true],"1536x1536":["https:\/\/pasalapelota.com\/wp-content\/uploads\/2026\/04\/127d34ab-3662-4600-9ee5-913c27c839d1-1.png",1024,1536,false],"2048x2048":["https:\/\/pasalapelota.com\/wp-content\/uploads\/2026\/04\/127d34ab-3662-4600-9ee5-913c27c839d1-1.png",1024,1536,false],"trp-custom-language-flag":["https:\/\/pasalapelota.com\/wp-content\/uploads\/2026\/04\/127d34ab-3662-4600-9ee5-913c27c839d1-1-8x12.png",8,12,true],"sportspress-crop-medium":["https:\/\/pasalapelota.com\/wp-content\/uploads\/2026\/04\/127d34ab-3662-4600-9ee5-913c27c839d1-1-300x300.png",300,300,true],"sportspress-fit-medium":["https:\/\/pasalapelota.com\/wp-content\/uploads\/2026\/04\/127d34ab-3662-4600-9ee5-913c27c839d1-1-200x300.png",200,300,true],"sportspress-fit-icon":["https:\/\/pasalapelota.com\/wp-content\/uploads\/2026\/04\/127d34ab-3662-4600-9ee5-913c27c839d1-1-85x128.png",85,128,true],"sportspress-fit-mini":["https:\/\/pasalapelota.com\/wp-content\/uploads\/2026\/04\/127d34ab-3662-4600-9ee5-913c27c839d1-1-21x32.png",21,32,true]},"author_info":{"info":["Harvey"]},"category_info":"<a href=\"https:\/\/pasalapelota.com\/es\/category\/futbol-internacional\/\" rel=\"category tag\">F\u00fatbol Internacional<\/a> <a href=\"https:\/\/pasalapelota.com\/es\/category\/mas-deportes\/\" rel=\"category tag\">M\u00e1s Deportes<\/a>","tag_info":"M\u00e1s Deportes","comment_count":"0","jetpack_featured_media_url":"https:\/\/pasalapelota.com\/wp-content\/uploads\/2026\/04\/127d34ab-3662-4600-9ee5-913c27c839d1-1.png","uagb_featured_image_src":{"full":["https:\/\/pasalapelota.com\/wp-content\/uploads\/2026\/04\/127d34ab-3662-4600-9ee5-913c27c839d1-1.png",1024,1536,false],"thumbnail":["https:\/\/pasalapelota.com\/wp-content\/uploads\/2026\/04\/127d34ab-3662-4600-9ee5-913c27c839d1-1-150x150.png",150,150,true],"medium":["https:\/\/pasalapelota.com\/wp-content\/uploads\/2026\/04\/127d34ab-3662-4600-9ee5-913c27c839d1-1-200x300.png",200,300,true],"medium_large":["https:\/\/pasalapelota.com\/wp-content\/uploads\/2026\/04\/127d34ab-3662-4600-9ee5-913c27c839d1-1-768x1152.png",768,1152,true],"large":["https:\/\/pasalapelota.com\/wp-content\/uploads\/2026\/04\/127d34ab-3662-4600-9ee5-913c27c839d1-1-683x1024.png",683,1024,true],"1536x1536":["https:\/\/pasalapelota.com\/wp-content\/uploads\/2026\/04\/127d34ab-3662-4600-9ee5-913c27c839d1-1.png",1024,1536,false],"2048x2048":["https:\/\/pasalapelota.com\/wp-content\/uploads\/2026\/04\/127d34ab-3662-4600-9ee5-913c27c839d1-1.png",1024,1536,false],"trp-custom-language-flag":["https:\/\/pasalapelota.com\/wp-content\/uploads\/2026\/04\/127d34ab-3662-4600-9ee5-913c27c839d1-1-8x12.png",8,12,true],"sportspress-crop-medium":["https:\/\/pasalapelota.com\/wp-content\/uploads\/2026\/04\/127d34ab-3662-4600-9ee5-913c27c839d1-1-300x300.png",300,300,true],"sportspress-fit-medium":["https:\/\/pasalapelota.com\/wp-content\/uploads\/2026\/04\/127d34ab-3662-4600-9ee5-913c27c839d1-1-200x300.png",200,300,true],"sportspress-fit-icon":["https:\/\/pasalapelota.com\/wp-content\/uploads\/2026\/04\/127d34ab-3662-4600-9ee5-913c27c839d1-1-85x128.png",85,128,true],"sportspress-fit-mini":["https:\/\/pasalapelota.com\/wp-content\/uploads\/2026\/04\/127d34ab-3662-4600-9ee5-913c27c839d1-1-21x32.png",21,32,true]},"uagb_author_info":{"display_name":"Harvey","author_link":"https:\/\/pasalapelota.com\/es\/author\/pasalapelotahgmail-com\/"},"uagb_comment_info":0,"uagb_excerpt":"El Paris Saint-Germain recibe esta noche al Bayern Munich en el Parque de los Pr\u00edncipes (2:00 a.m., 29 de abril) por la ida de las semifinales de la UEFA Champions League, en un duelo que enfrenta a dos de los equipos m\u00e1s en forma de Europa. Contexto del partido Ambos equipos llegan con un rendimiento&hellip;","jetpack_sharing_enabled":true,"_links":{"self":[{"href":"https:\/\/pasalapelota.com\/es\/wp-json\/wp\/v2\/posts\/4244","targetHints":{"allow":["GET"]}}],"collection":[{"href":"https:\/\/pasalapelota.com\/es\/wp-json\/wp\/v2\/posts"}],"about":[{"href":"https:\/\/pasalapelota.com\/es\/wp-json\/wp\/v2\/types\/post"}],"author":[{"embeddable":true,"href":"https:\/\/pasalapelota.com\/es\/wp-json\/wp\/v2\/users\/1"}],"replies":[{"embeddable":true,"href":"https:\/\/pasalapelota.com\/es\/wp-json\/wp\/v2\/comments?post=4244"}],"version-history":[{"count":0,"href":"https:\/\/pasalapelota.com\/es\/wp-json\/wp\/v2\/posts\/4244\/revisions"}],"wp:featuredmedia":[{"embeddable":true,"href":"https:\/\/pasalapelota.com\/es\/wp-json\/wp\/v2\/media\/4240"}],"wp:attachment":[{"href":"https:\/\/pasalapelota.com\/es\/wp-json\/wp\/v2\/media?parent=4244"}],"wp:term":[{"taxonomy":"category","embeddable":true,"href":"https:\/\/pasalapelota.com\/es\/wp-json\/wp\/v2\/categories?post=4244"},{"taxonomy":"post_tag","embeddable":true,"href":"https:\/\/pasalapelota.com\/es\/wp-json\/wp\/v2\/tags?post=4244"}],"curies":[{"name":"wp","href":"https:\/\/api.w.org\/{rel}","templated":true}]}}