{"id":4261,"date":"2026-04-29T18:32:09","date_gmt":"2026-04-29T23:32:09","guid":{"rendered":"https:\/\/pasalapelota.com\/polemica-en-la-champions-el-var-protagonista-en-el-1-1-entre-atletico-y-arsenal\/"},"modified":"2026-04-29T18:32:09","modified_gmt":"2026-04-29T23:32:09","slug":"polemica-en-la-champions-el-var-protagonista-en-el-1-1-entre-atletico-y-arsenal","status":"publish","type":"post","link":"https:\/\/pasalapelota.com\/es\/polemica-en-la-champions-el-var-protagonista-en-el-1-1-entre-atletico-y-arsenal\/","title":{"rendered":"Pol\u00e9mica en la Champions: el VAR protagonista en el 1-1 entre Atl\u00e9tico y Arsenal"},"content":{"rendered":"<p class=\"p1\">El <a href=\"chatgpt:\/\/generic-entity?number=0\">Atl\u00e9tico de Madrid<\/a> y el <a href=\"chatgpt:\/\/generic-entity?number=1\">Arsenal FC<\/a> empataron 1-1 en el partido de ida de las semifinales de la <a href=\"chatgpt:\/\/generic-entity?number=2\">UEFA Champions League<\/a>, en un duelo intenso, t\u00e1ctico y marcado por la pol\u00e9mica arbitral.<\/p>\n\n\n\n<p class=\"p1\">El encuentro dej\u00f3 grandes momentos, pero el foco principal estuvo en las decisiones del VAR que generaron debate en todo el mundo del f\u00fatbol.<\/p>\n\n\n\n<p><\/p>\n\n\n\n<h2 class=\"wp-block-heading\">Resultado del partido<\/h2>\n\n\n\n<p class=\"p1\">El marcador se defini\u00f3 desde el punto penal:<\/p>\n\n\n\n<p class=\"p2\">0-1 (44\u2019): <a href=\"chatgpt:\/\/generic-entity?number=3\">Viktor Gy\u00f6keres<\/a> adelant\u00f3 al Arsenal. 1-1 (56\u2019): <a href=\"chatgpt:\/\/generic-entity?number=4\">Juli\u00e1n \u00c1lvarez<\/a> empat\u00f3 para el Atl\u00e9tico.<\/p>\n\n\n\n<p class=\"p1\">Ambos goles llegaron desde el punto penal en un partido muy cerrado y estrat\u00e9gico.<\/p>\n\n\n\n<figure class=\"wp-block-image size-large\"><img fetchpriority=\"high\" decoding=\"async\" width=\"857\" height=\"1024\" src=\"https:\/\/pasalapelota.com\/wp-content\/uploads\/2026\/04\/img_7970-1-857x1024.jpg\" class=\"wp-image-4256\" srcset=\"https:\/\/pasalapelota.com\/wp-content\/uploads\/2026\/04\/img_7970-1-857x1024.jpg 857w, https:\/\/pasalapelota.com\/wp-content\/uploads\/2026\/04\/img_7970-1-251x300.jpg 251w, https:\/\/pasalapelota.com\/wp-content\/uploads\/2026\/04\/img_7970-1-768x917.jpg 768w, https:\/\/pasalapelota.com\/wp-content\/uploads\/2026\/04\/img_7970-1-10x12.jpg 10w, https:\/\/pasalapelota.com\/wp-content\/uploads\/2026\/04\/img_7970-1-107x128.jpg 107w, https:\/\/pasalapelota.com\/wp-content\/uploads\/2026\/04\/img_7970-1-27x32.jpg 27w, https:\/\/pasalapelota.com\/wp-content\/uploads\/2026\/04\/img_7970-1.jpg 1080w\" sizes=\"(max-width: 857px) 100vw, 857px\" \/><\/figure>\n\n\n\n<h2 class=\"wp-block-heading\">Un primer tiempo muy cerrado<\/h2>\n\n\n\n<p class=\"p1\">El duelo fue extremadamente t\u00e1ctico desde el inicio:<\/p>\n\n\n\n<p class=\"p2\">Solo dos disparos a puerta en todo el primer tiempo Uno de ellos fue el penal convertido por Gy\u00f6keres Ritmo controlado y pocas ocasiones claras<\/p>\n\n\n\n<p class=\"p1\">El partido reflej\u00f3 el respeto mutuo entre ambos equipos.<\/p>\n\n\n\n<h2 class=\"wp-block-heading\">La gran pol\u00e9mica: el VAR en el centro de todo<\/h2>\n\n\n\n<p class=\"p1\">El momento m\u00e1s discutido lleg\u00f3 en la segunda mitad.<\/p>\n\n\n\n<p class=\"p1\">El \u00e1rbitro se\u00f1al\u00f3 inicialmente penalti a favor del Arsenal tras una acci\u00f3n sobre <a href=\"chatgpt:\/\/generic-entity?number=5\">Eberechi Eze<\/a>. Sin embargo, tras la revisi\u00f3n del VAR, la decisi\u00f3n fue anulada, generando fuertes protestas del equipo ingl\u00e9s.<\/p>\n\n\n\n<p class=\"p1\">La jugada pudo haber cambiado completamente el marcador y la eliminatoria.<\/p>\n\n\n\n<figure class=\"wp-block-image size-large\"><img decoding=\"async\" width=\"1024\" height=\"595\" src=\"https:\/\/pasalapelota.com\/wp-content\/uploads\/2026\/04\/img_7969-1024x595.jpg\" class=\"wp-image-4257\" srcset=\"https:\/\/pasalapelota.com\/wp-content\/uploads\/2026\/04\/img_7969-1024x595.jpg 1024w, https:\/\/pasalapelota.com\/wp-content\/uploads\/2026\/04\/img_7969-300x174.jpg 300w, https:\/\/pasalapelota.com\/wp-content\/uploads\/2026\/04\/img_7969-768x447.jpg 768w, https:\/\/pasalapelota.com\/wp-content\/uploads\/2026\/04\/img_7969-18x10.jpg 18w, https:\/\/pasalapelota.com\/wp-content\/uploads\/2026\/04\/img_7969-128x74.jpg 128w, https:\/\/pasalapelota.com\/wp-content\/uploads\/2026\/04\/img_7969-32x19.jpg 32w, https:\/\/pasalapelota.com\/wp-content\/uploads\/2026\/04\/img_7969.jpg 1283w\" sizes=\"(max-width: 1024px) 100vw, 1024px\" \/><\/figure>\n\n\n\n<h2 class=\"wp-block-heading\">Simeone elogia al Arsena<\/h2>\n\n\n\n<figure class=\"wp-block-image size-large\"><img decoding=\"async\" width=\"762\" height=\"608\" src=\"https:\/\/pasalapelota.com\/wp-content\/uploads\/2026\/04\/img_7965.png\" class=\"wp-image-4258\" srcset=\"https:\/\/pasalapelota.com\/wp-content\/uploads\/2026\/04\/img_7965.png 762w, https:\/\/pasalapelota.com\/wp-content\/uploads\/2026\/04\/img_7965-300x239.png 300w, https:\/\/pasalapelota.com\/wp-content\/uploads\/2026\/04\/img_7965-15x12.png 15w, https:\/\/pasalapelota.com\/wp-content\/uploads\/2026\/04\/img_7965-128x102.png 128w, https:\/\/pasalapelota.com\/wp-content\/uploads\/2026\/04\/img_7965-32x26.png 32w\" sizes=\"(max-width: 762px) 100vw, 762px\" \/><\/figure>\n\n\n\n<p class=\"p1\">El entrenador del Atl\u00e9tico, <a href=\"chatgpt:\/\/generic-entity?number=6\">Diego Simeone<\/a>, destac\u00f3 la profundidad del rival:<\/p>\n\n\n\n<blockquote class=\"wp-block-quote is-layout-flow wp-block-quote-is-layout-flow\">\n<p>\u201c\u00bfVisteis a los cinco que entraron? Cada vez que entraba uno, dir\u00eda: \u2018\u00bfDe verdad?\u2019. \u00a1S\u00ed, es cierto!\u201d<\/p>\n<\/blockquote>\n\n\n\n<blockquote class=\"wp-block-quote is-layout-flow wp-block-quote-is-layout-flow\">\n<p><\/p>\n<\/blockquote>\n\n\n\n<blockquote class=\"wp-block-quote is-layout-flow wp-block-quote-is-layout-flow\">\n<p>\u201cTienen m\u00e1s que suficiente calidad para competir. No han perdido en la Champions League y han estado en lo m\u00e1s alto de la Premier League desde el principio. Nos enfrentamos a un equipo de primer nivel.\u201d<\/p>\n\n\n\n<h2 class=\"wp-block-heading\">Arteta explota por la decisi\u00f3n arbitral<\/h2>\n\n\n\n<p class=\"p1\">El t\u00e9cnico del Arsenal, <a href=\"chatgpt:\/\/generic-entity?number=7\">Mikel Arteta<\/a>, fue muy cr\u00edtico tras el partido:<\/p>\n\n\n\n<blockquote class=\"wp-block-quote is-layout-flow wp-block-quote-is-layout-flow\">\n<p>\u201cEstoy extremadamente decepcionado y molesto. FUE CONTRA LAS REGLAS y no lo entiendo.\u201d<\/p>\n<\/blockquote>\n\n\n\n<p class=\"p1\">El entrenador consider\u00f3 que la intervenci\u00f3n del VAR perjudic\u00f3 a su equipo en un momento clave.<\/p>\n<\/blockquote>\n\n\n\n<h2 class=\"wp-block-heading\">Griezmann, el mejor del partido<\/h2>\n\n\n\n<p class=\"p1\">M\u00e1s all\u00e1 de la pol\u00e9mica, el gran protagonista individual fue <a href=\"chatgpt:\/\/generic-entity?number=8\">Antoine Griezmann<\/a>, elegido Player of the Match.<\/p>\n\n\n\n<p class=\"p1\">El franc\u00e9s destac\u00f3 por:<\/p>\n\n\n\n<p class=\"p3\">Su participaci\u00f3n constante en ataque Su liderazgo en momentos de presi\u00f3n Su influencia en el equilibrio del Atl\u00e9tico<\/p>\n\n\n\n<p class=\"p1\">Una actuaci\u00f3n clave para sostener a su equipo en un partido exigente.<\/p>\n\n\n\n<figure class=\"wp-block-image size-large\"><img loading=\"lazy\" decoding=\"async\" width=\"1024\" height=\"1024\" src=\"https:\/\/pasalapelota.com\/wp-content\/uploads\/2026\/04\/img_7971-1024x1024.jpg\" class=\"wp-image-4259\" srcset=\"https:\/\/pasalapelota.com\/wp-content\/uploads\/2026\/04\/img_7971-1024x1024.jpg 1024w, https:\/\/pasalapelota.com\/wp-content\/uploads\/2026\/04\/img_7971-300x300.jpg 300w, https:\/\/pasalapelota.com\/wp-content\/uploads\/2026\/04\/img_7971-150x150.jpg 150w, https:\/\/pasalapelota.com\/wp-content\/uploads\/2026\/04\/img_7971-768x768.jpg 768w, https:\/\/pasalapelota.com\/wp-content\/uploads\/2026\/04\/img_7971-12x12.jpg 12w, https:\/\/pasalapelota.com\/wp-content\/uploads\/2026\/04\/img_7971-128x128.jpg 128w, https:\/\/pasalapelota.com\/wp-content\/uploads\/2026\/04\/img_7971-32x32.jpg 32w, https:\/\/pasalapelota.com\/wp-content\/uploads\/2026\/04\/img_7971.jpg 1125w\" sizes=\"(max-width: 1024px) 100vw, 1024px\" \/><\/figure>\n\n\n\n<p class=\"p1\"><\/p>\n\n\n\n<h2 class=\"wp-block-heading\">Conclusi\u00f3n<\/h2>\n\n\n\n<p class=\"p3\">El empate 1-1 deja la eliminatoria totalmente abierta, pero con tres protagonistas claros:<\/p>\n\n\n\n<p class=\"p1\">El equilibrio t\u00e1ctico entre ambos equipos La pol\u00e9mica del VAR en el penalti anulado La gran actuaci\u00f3n de Antoine Griezmann<\/p>\n\n\n\n<p class=\"p3\">Todo se definir\u00e1 en la vuelta en Londres, donde se conocer\u00e1 el finalista de esta apasionante semifinal de Champions League.<\/p>","protected":false},"excerpt":{"rendered":"<p>El Atl\u00e9tico de Madrid y el Arsenal FC empataron 1-1 en el partido de ida de las semifinales de la UEFA Champions League, en un duelo intenso, t\u00e1ctico y marcado por la pol\u00e9mica arbitral. El encuentro dej\u00f3 grandes momentos, pero el foco principal estuvo en las decisiones del VAR que generaron debate en todo el [&hellip;]<\/p>\n","protected":false},"author":1,"featured_media":4260,"comment_status":"","ping_status":"open","sticky":false,"template":"","format":"standard","meta":{"_uag_custom_page_level_css":"","_jetpack_memberships_contains_paid_content":false,"footnotes":""},"categories":[54,55],"tags":[166,165,71,168,67],"class_list":["post-4261","post","type-post","status-publish","format-standard","has-post-thumbnail","hentry","category-futbol-internacional","category-mas-deportes","tag-arsenal","tag-atletico-de-madrid","tag-champions-league-hoy","tag-diego-simeone","tag-ucl"],"featured_image_urls":{"full":["https:\/\/pasalapelota.com\/wp-content\/uploads\/2026\/04\/0b4627ac-d597-4b4d-943a-384c00f1343e.png",1536,1024,false],"thumbnail":["https:\/\/pasalapelota.com\/wp-content\/uploads\/2026\/04\/0b4627ac-d597-4b4d-943a-384c00f1343e-150x150.png",150,150,true],"medium":["https:\/\/pasalapelota.com\/wp-content\/uploads\/2026\/04\/0b4627ac-d597-4b4d-943a-384c00f1343e-300x200.png",300,200,true],"medium_large":["https:\/\/pasalapelota.com\/wp-content\/uploads\/2026\/04\/0b4627ac-d597-4b4d-943a-384c00f1343e-768x512.png",768,512,true],"large":["https:\/\/pasalapelota.com\/wp-content\/uploads\/2026\/04\/0b4627ac-d597-4b4d-943a-384c00f1343e-1024x683.png",800,534,true],"1536x1536":["https:\/\/pasalapelota.com\/wp-content\/uploads\/2026\/04\/0b4627ac-d597-4b4d-943a-384c00f1343e.png",1536,1024,false],"2048x2048":["https:\/\/pasalapelota.com\/wp-content\/uploads\/2026\/04\/0b4627ac-d597-4b4d-943a-384c00f1343e.png",1536,1024,false],"trp-custom-language-flag":["https:\/\/pasalapelota.com\/wp-content\/uploads\/2026\/04\/0b4627ac-d597-4b4d-943a-384c00f1343e-18x12.png",18,12,true],"sportspress-crop-medium":["https:\/\/pasalapelota.com\/wp-content\/uploads\/2026\/04\/0b4627ac-d597-4b4d-943a-384c00f1343e-300x300.png",300,300,true],"sportspress-fit-medium":["https:\/\/pasalapelota.com\/wp-content\/uploads\/2026\/04\/0b4627ac-d597-4b4d-943a-384c00f1343e-300x200.png",300,200,true],"sportspress-fit-icon":["https:\/\/pasalapelota.com\/wp-content\/uploads\/2026\/04\/0b4627ac-d597-4b4d-943a-384c00f1343e-128x85.png",128,85,true],"sportspress-fit-mini":["https:\/\/pasalapelota.com\/wp-content\/uploads\/2026\/04\/0b4627ac-d597-4b4d-943a-384c00f1343e-32x21.png",32,21,true]},"author_info":{"info":["Harvey"]},"category_info":"<a href=\"https:\/\/pasalapelota.com\/es\/category\/futbol-internacional\/\" rel=\"category tag\">F\u00fatbol Internacional<\/a> <a href=\"https:\/\/pasalapelota.com\/es\/category\/mas-deportes\/\" rel=\"category tag\">M\u00e1s Deportes<\/a>","tag_info":"M\u00e1s Deportes","comment_count":"0","jetpack_featured_media_url":"https:\/\/pasalapelota.com\/wp-content\/uploads\/2026\/04\/0b4627ac-d597-4b4d-943a-384c00f1343e.png","uagb_featured_image_src":{"full":["https:\/\/pasalapelota.com\/wp-content\/uploads\/2026\/04\/0b4627ac-d597-4b4d-943a-384c00f1343e.png",1536,1024,false],"thumbnail":["https:\/\/pasalapelota.com\/wp-content\/uploads\/2026\/04\/0b4627ac-d597-4b4d-943a-384c00f1343e-150x150.png",150,150,true],"medium":["https:\/\/pasalapelota.com\/wp-content\/uploads\/2026\/04\/0b4627ac-d597-4b4d-943a-384c00f1343e-300x200.png",300,200,true],"medium_large":["https:\/\/pasalapelota.com\/wp-content\/uploads\/2026\/04\/0b4627ac-d597-4b4d-943a-384c00f1343e-768x512.png",768,512,true],"large":["https:\/\/pasalapelota.com\/wp-content\/uploads\/2026\/04\/0b4627ac-d597-4b4d-943a-384c00f1343e-1024x683.png",800,534,true],"1536x1536":["https:\/\/pasalapelota.com\/wp-content\/uploads\/2026\/04\/0b4627ac-d597-4b4d-943a-384c00f1343e.png",1536,1024,false],"2048x2048":["https:\/\/pasalapelota.com\/wp-content\/uploads\/2026\/04\/0b4627ac-d597-4b4d-943a-384c00f1343e.png",1536,1024,false],"trp-custom-language-flag":["https:\/\/pasalapelota.com\/wp-content\/uploads\/2026\/04\/0b4627ac-d597-4b4d-943a-384c00f1343e-18x12.png",18,12,true],"sportspress-crop-medium":["https:\/\/pasalapelota.com\/wp-content\/uploads\/2026\/04\/0b4627ac-d597-4b4d-943a-384c00f1343e-300x300.png",300,300,true],"sportspress-fit-medium":["https:\/\/pasalapelota.com\/wp-content\/uploads\/2026\/04\/0b4627ac-d597-4b4d-943a-384c00f1343e-300x200.png",300,200,true],"sportspress-fit-icon":["https:\/\/pasalapelota.com\/wp-content\/uploads\/2026\/04\/0b4627ac-d597-4b4d-943a-384c00f1343e-128x85.png",128,85,true],"sportspress-fit-mini":["https:\/\/pasalapelota.com\/wp-content\/uploads\/2026\/04\/0b4627ac-d597-4b4d-943a-384c00f1343e-32x21.png",32,21,true]},"uagb_author_info":{"display_name":"Harvey","author_link":"https:\/\/pasalapelota.com\/es\/author\/pasalapelotahgmail-com\/"},"uagb_comment_info":0,"uagb_excerpt":"El Atl\u00e9tico de Madrid y el Arsenal FC empataron 1-1 en el partido de ida de las semifinales de la UEFA Champions League, en un duelo intenso, t\u00e1ctico y marcado por la pol\u00e9mica arbitral. El encuentro dej\u00f3 grandes momentos, pero el foco principal estuvo en las decisiones del VAR que generaron debate en todo el&hellip;","jetpack_sharing_enabled":true,"_links":{"self":[{"href":"https:\/\/pasalapelota.com\/es\/wp-json\/wp\/v2\/posts\/4261","targetHints":{"allow":["GET"]}}],"collection":[{"href":"https:\/\/pasalapelota.com\/es\/wp-json\/wp\/v2\/posts"}],"about":[{"href":"https:\/\/pasalapelota.com\/es\/wp-json\/wp\/v2\/types\/post"}],"author":[{"embeddable":true,"href":"https:\/\/pasalapelota.com\/es\/wp-json\/wp\/v2\/users\/1"}],"replies":[{"embeddable":true,"href":"https:\/\/pasalapelota.com\/es\/wp-json\/wp\/v2\/comments?post=4261"}],"version-history":[{"count":0,"href":"https:\/\/pasalapelota.com\/es\/wp-json\/wp\/v2\/posts\/4261\/revisions"}],"wp:featuredmedia":[{"embeddable":true,"href":"https:\/\/pasalapelota.com\/es\/wp-json\/wp\/v2\/media\/4260"}],"wp:attachment":[{"href":"https:\/\/pasalapelota.com\/es\/wp-json\/wp\/v2\/media?parent=4261"}],"wp:term":[{"taxonomy":"category","embeddable":true,"href":"https:\/\/pasalapelota.com\/es\/wp-json\/wp\/v2\/categories?post=4261"},{"taxonomy":"post_tag","embeddable":true,"href":"https:\/\/pasalapelota.com\/es\/wp-json\/wp\/v2\/tags?post=4261"}],"curies":[{"name":"wp","href":"https:\/\/api.w.org\/{rel}","templated":true}]}}