{"id":4269,"date":"2026-04-30T00:56:30","date_gmt":"2026-04-30T05:56:30","guid":{"rendered":"https:\/\/pasalapelota.com\/?p=4269"},"modified":"2026-04-30T00:56:30","modified_gmt":"2026-04-30T05:56:30","slug":"canada-es-campeon-del-torneo-de-delegaciones-de-la-fifa-en-vancouver","status":"publish","type":"post","link":"https:\/\/pasalapelota.com\/es\/canada-es-campeon-del-torneo-de-delegaciones-de-la-fifa-en-vancouver\/","title":{"rendered":"Canad\u00e1 es  campe\u00f3n del Torneo de Delegaciones de la FIFA en Vancouver"},"content":{"rendered":"<p>Canad\u00e1 se qued\u00f3 con el t\u00edtulo del Torneo de Leyendas de la FIFA (#FIFALegends), celebrado en <a href=\"chatgpt:\/\/generic-entity?number=0\">Vancouver<\/a> como parte de las actividades previas al 76\u00b0 Congreso de la <a href=\"chatgpt:\/\/generic-entity?number=1\">FIFA<\/a>.<\/p>\n\n\n\n<figure class=\"wp-block-image size-large\"><img fetchpriority=\"high\" decoding=\"async\" width=\"815\" height=\"1024\" src=\"https:\/\/pasalapelota.com\/wp-content\/uploads\/2026\/04\/img_7994-1-815x1024.jpg\" alt=\"\" class=\"wp-image-4267\" srcset=\"https:\/\/pasalapelota.com\/wp-content\/uploads\/2026\/04\/img_7994-1-815x1024.jpg 815w, https:\/\/pasalapelota.com\/wp-content\/uploads\/2026\/04\/img_7994-1-239x300.jpg 239w, https:\/\/pasalapelota.com\/wp-content\/uploads\/2026\/04\/img_7994-1-768x965.jpg 768w, https:\/\/pasalapelota.com\/wp-content\/uploads\/2026\/04\/img_7994-1-1222x1536.jpg 1222w, https:\/\/pasalapelota.com\/wp-content\/uploads\/2026\/04\/img_7994-1-10x12.jpg 10w, https:\/\/pasalapelota.com\/wp-content\/uploads\/2026\/04\/img_7994-1-102x128.jpg 102w, https:\/\/pasalapelota.com\/wp-content\/uploads\/2026\/04\/img_7994-1-25x32.jpg 25w, https:\/\/pasalapelota.com\/wp-content\/uploads\/2026\/04\/img_7994-1.jpg 1263w\" sizes=\"(max-width: 815px) 100vw, 815px\" \/><\/figure>\n\n\n\n<h2 class=\"wp-block-heading\"><\/h2>\n\n\n\n<p>El evento tuvo lugar en el complejo del <a href=\"chatgpt:\/\/generic-entity?number=2\">Vancouver Whitecaps<\/a>, reuniendo a leyendas del f\u00fatbol mundial, dirigentes y representantes de distintas federaciones en un ambiente de confraternizaci\u00f3n.<\/p>\n\n\n\n<h2 class=\"wp-block-heading\">Un evento de \u00e9lite antes del Congreso<\/h2>\n\n\n\n<p>El Torneo de Delegaciones FIFA es un evento amistoso que re\u00fane a miembros de asociaciones, directivos y exfutbolistas de \u00e9lite \u2014incluyendo representantes de la <a href=\"chatgpt:\/\/generic-entity?number=3\">CONMEBOL<\/a>\u2014 en la antesala del Congreso.<\/p>\n\n\n\n<p>En esta edici\u00f3n 2026, el torneo destac\u00f3 por congregar figuras clave del f\u00fatbol mundial en la previa del hist\u00f3rico Mundial de 48 selecciones.<\/p>\n\n\n\n<h2 class=\"wp-block-heading\">Leyendas del f\u00fatbol mundial presentes<\/h2>\n\n\n\n<p class=\"p1\">El torneo cont\u00f3 con una constelaci\u00f3n de estrellas, entre ellas <a href=\"chatgpt:\/\/generic-entity?number=4\">Cafu<\/a>, <a href=\"chatgpt:\/\/generic-entity?number=5\">Javier Zanetti<\/a>, <a href=\"chatgpt:\/\/generic-entity?number=6\">Marco Materazzi<\/a>, <a href=\"chatgpt:\/\/generic-entity?number=7\">Alessandro Del Piero<\/a>, <a href=\"chatgpt:\/\/generic-entity?number=8\">Hristo Stoichkov<\/a>, <a href=\"chatgpt:\/\/generic-entity?number=9\">Luis Hern\u00e1ndez<\/a>, <a href=\"chatgpt:\/\/generic-entity?number=10\">Jorge Campos<\/a>, <a href=\"chatgpt:\/\/generic-entity?number=11\">Nuno Gomes<\/a>, <a href=\"chatgpt:\/\/generic-entity?number=12\">Demetrio Albertini<\/a>, <a href=\"chatgpt:\/\/generic-entity?number=13\">Fabio Cannavaro<\/a> y <a href=\"chatgpt:\/\/generic-entity?number=14\">Samuel Eto\u2019o<\/a>.<\/p>\n\n\n\n<p class=\"p1\">Adem\u00e1s, tambi\u00e9n dijo presente el colombiano <a href=\"chatgpt:\/\/generic-entity?number=15\">Mario Yepes<\/a>, cuya participaci\u00f3n fue confirmada a trav\u00e9s de redes sociales durante el evento.<\/p>\n\n\n\n<figure class=\"wp-block-image size-large\"><img decoding=\"async\" width=\"1024\" height=\"768\" src=\"https:\/\/pasalapelota.com\/wp-content\/uploads\/2026\/04\/img_7979-1024x768.jpg\" alt=\"\" class=\"wp-image-4265\" srcset=\"https:\/\/pasalapelota.com\/wp-content\/uploads\/2026\/04\/img_7979-1024x768.jpg 1024w, https:\/\/pasalapelota.com\/wp-content\/uploads\/2026\/04\/img_7979-300x225.jpg 300w, https:\/\/pasalapelota.com\/wp-content\/uploads\/2026\/04\/img_7979-768x576.jpg 768w, https:\/\/pasalapelota.com\/wp-content\/uploads\/2026\/04\/img_7979-1536x1152.jpg 1536w, https:\/\/pasalapelota.com\/wp-content\/uploads\/2026\/04\/img_7979-16x12.jpg 16w, https:\/\/pasalapelota.com\/wp-content\/uploads\/2026\/04\/img_7979-128x96.jpg 128w, https:\/\/pasalapelota.com\/wp-content\/uploads\/2026\/04\/img_7979-32x24.jpg 32w, https:\/\/pasalapelota.com\/wp-content\/uploads\/2026\/04\/img_7979.jpg 2000w\" sizes=\"(max-width: 1024px) 100vw, 1024px\" \/><\/figure>\n\n\n\n<h2 class=\"wp-block-heading\">&nbsp;Canad\u00e1 levanta el trofeo<\/h2>\n\n\n\n<p class=\"p1\">El equipo anfitri\u00f3n se consagr\u00f3 campe\u00f3n con una destacada actuaci\u00f3n, liderado por la leyenda canadiense <a href=\"chatgpt:\/\/generic-entity?number=16\">Dwayne De Rosario<\/a>, quien fue el encargado de levantar el trofeo.<\/p>\n\n\n\n<p class=\"p1\">El t\u00edtulo confirma el buen momento del f\u00fatbol canadiense en un contexto internacional, justo antes de uno de los congresos m\u00e1s importantes del calendario futbol\u00edstico.<\/p>\n\n\n\n<figure class=\"wp-block-image size-large\"><img decoding=\"async\" width=\"1024\" height=\"768\" src=\"https:\/\/pasalapelota.com\/wp-content\/uploads\/2026\/04\/img_7993-1024x768.jpg\" alt=\"\" class=\"wp-image-4268\" srcset=\"https:\/\/pasalapelota.com\/wp-content\/uploads\/2026\/04\/img_7993-1024x768.jpg 1024w, https:\/\/pasalapelota.com\/wp-content\/uploads\/2026\/04\/img_7993-300x225.jpg 300w, https:\/\/pasalapelota.com\/wp-content\/uploads\/2026\/04\/img_7993-768x576.jpg 768w, https:\/\/pasalapelota.com\/wp-content\/uploads\/2026\/04\/img_7993-1536x1152.jpg 1536w, https:\/\/pasalapelota.com\/wp-content\/uploads\/2026\/04\/img_7993-16x12.jpg 16w, https:\/\/pasalapelota.com\/wp-content\/uploads\/2026\/04\/img_7993-128x96.jpg 128w, https:\/\/pasalapelota.com\/wp-content\/uploads\/2026\/04\/img_7993-32x24.jpg 32w, https:\/\/pasalapelota.com\/wp-content\/uploads\/2026\/04\/img_7993.jpg 2000w\" sizes=\"(max-width: 1024px) 100vw, 1024px\" \/><\/figure>","protected":false},"excerpt":{"rendered":"<p>Canad\u00e1 se qued\u00f3 con el t\u00edtulo del Torneo de Leyendas de la FIFA (#FIFALegends), celebrado en Vancouver como parte de las actividades previas al 76\u00b0 Congreso de la FIFA. El evento tuvo lugar en el complejo del Vancouver Whitecaps, reuniendo a leyendas del f\u00fatbol mundial, dirigentes y representantes de distintas federaciones en un ambiente de [&hellip;]<\/p>\n","protected":false},"author":1,"featured_media":4270,"comment_status":"closed","ping_status":"open","sticky":false,"template":"","format":"standard","meta":{"_uag_custom_page_level_css":"","_jetpack_memberships_contains_paid_content":false,"footnotes":""},"categories":[1],"tags":[],"class_list":["post-4269","post","type-post","status-publish","format-standard","has-post-thumbnail","hentry","category-uncategorized"],"featured_image_urls":{"full":["https:\/\/pasalapelota.com\/wp-content\/uploads\/2026\/04\/img_7993-1.jpg",2000,1500,false],"thumbnail":["https:\/\/pasalapelota.com\/wp-content\/uploads\/2026\/04\/img_7993-1-150x150.jpg",150,150,true],"medium":["https:\/\/pasalapelota.com\/wp-content\/uploads\/2026\/04\/img_7993-1-300x225.jpg",300,225,true],"medium_large":["https:\/\/pasalapelota.com\/wp-content\/uploads\/2026\/04\/img_7993-1-768x576.jpg",768,576,true],"large":["https:\/\/pasalapelota.com\/wp-content\/uploads\/2026\/04\/img_7993-1-1024x768.jpg",800,600,true],"1536x1536":["https:\/\/pasalapelota.com\/wp-content\/uploads\/2026\/04\/img_7993-1-1536x1152.jpg",1536,1152,true],"2048x2048":["https:\/\/pasalapelota.com\/wp-content\/uploads\/2026\/04\/img_7993-1.jpg",2000,1500,false],"trp-custom-language-flag":["https:\/\/pasalapelota.com\/wp-content\/uploads\/2026\/04\/img_7993-1-16x12.jpg",16,12,true],"sportspress-crop-medium":["https:\/\/pasalapelota.com\/wp-content\/uploads\/2026\/04\/img_7993-1-300x300.jpg",300,300,true],"sportspress-fit-medium":["https:\/\/pasalapelota.com\/wp-content\/uploads\/2026\/04\/img_7993-1-300x225.jpg",300,225,true],"sportspress-fit-icon":["https:\/\/pasalapelota.com\/wp-content\/uploads\/2026\/04\/img_7993-1-128x96.jpg",128,96,true],"sportspress-fit-mini":["https:\/\/pasalapelota.com\/wp-content\/uploads\/2026\/04\/img_7993-1-32x24.jpg",32,24,true]},"author_info":{"info":["Harvey"]},"category_info":"<a href=\"https:\/\/pasalapelota.com\/es\/category\/uncategorized\/\" rel=\"category tag\">Uncategorized<\/a>","tag_info":"Uncategorized","comment_count":"0","jetpack_featured_media_url":"https:\/\/pasalapelota.com\/wp-content\/uploads\/2026\/04\/img_7993-1.jpg","uagb_featured_image_src":{"full":["https:\/\/pasalapelota.com\/wp-content\/uploads\/2026\/04\/img_7993-1.jpg",2000,1500,false],"thumbnail":["https:\/\/pasalapelota.com\/wp-content\/uploads\/2026\/04\/img_7993-1-150x150.jpg",150,150,true],"medium":["https:\/\/pasalapelota.com\/wp-content\/uploads\/2026\/04\/img_7993-1-300x225.jpg",300,225,true],"medium_large":["https:\/\/pasalapelota.com\/wp-content\/uploads\/2026\/04\/img_7993-1-768x576.jpg",768,576,true],"large":["https:\/\/pasalapelota.com\/wp-content\/uploads\/2026\/04\/img_7993-1-1024x768.jpg",800,600,true],"1536x1536":["https:\/\/pasalapelota.com\/wp-content\/uploads\/2026\/04\/img_7993-1-1536x1152.jpg",1536,1152,true],"2048x2048":["https:\/\/pasalapelota.com\/wp-content\/uploads\/2026\/04\/img_7993-1.jpg",2000,1500,false],"trp-custom-language-flag":["https:\/\/pasalapelota.com\/wp-content\/uploads\/2026\/04\/img_7993-1-16x12.jpg",16,12,true],"sportspress-crop-medium":["https:\/\/pasalapelota.com\/wp-content\/uploads\/2026\/04\/img_7993-1-300x300.jpg",300,300,true],"sportspress-fit-medium":["https:\/\/pasalapelota.com\/wp-content\/uploads\/2026\/04\/img_7993-1-300x225.jpg",300,225,true],"sportspress-fit-icon":["https:\/\/pasalapelota.com\/wp-content\/uploads\/2026\/04\/img_7993-1-128x96.jpg",128,96,true],"sportspress-fit-mini":["https:\/\/pasalapelota.com\/wp-content\/uploads\/2026\/04\/img_7993-1-32x24.jpg",32,24,true]},"uagb_author_info":{"display_name":"Harvey","author_link":"https:\/\/pasalapelota.com\/es\/author\/pasalapelotahgmail-com\/"},"uagb_comment_info":0,"uagb_excerpt":"Canad\u00e1 se qued\u00f3 con el t\u00edtulo del Torneo de Leyendas de la FIFA (#FIFALegends), celebrado en Vancouver como parte de las actividades previas al 76\u00b0 Congreso de la FIFA. El evento tuvo lugar en el complejo del Vancouver Whitecaps, reuniendo a leyendas del f\u00fatbol mundial, dirigentes y representantes de distintas federaciones en un ambiente de&hellip;","jetpack_sharing_enabled":true,"_links":{"self":[{"href":"https:\/\/pasalapelota.com\/es\/wp-json\/wp\/v2\/posts\/4269","targetHints":{"allow":["GET"]}}],"collection":[{"href":"https:\/\/pasalapelota.com\/es\/wp-json\/wp\/v2\/posts"}],"about":[{"href":"https:\/\/pasalapelota.com\/es\/wp-json\/wp\/v2\/types\/post"}],"author":[{"embeddable":true,"href":"https:\/\/pasalapelota.com\/es\/wp-json\/wp\/v2\/users\/1"}],"replies":[{"embeddable":true,"href":"https:\/\/pasalapelota.com\/es\/wp-json\/wp\/v2\/comments?post=4269"}],"version-history":[{"count":1,"href":"https:\/\/pasalapelota.com\/es\/wp-json\/wp\/v2\/posts\/4269\/revisions"}],"predecessor-version":[{"id":4271,"href":"https:\/\/pasalapelota.com\/es\/wp-json\/wp\/v2\/posts\/4269\/revisions\/4271"}],"wp:featuredmedia":[{"embeddable":true,"href":"https:\/\/pasalapelota.com\/es\/wp-json\/wp\/v2\/media\/4270"}],"wp:attachment":[{"href":"https:\/\/pasalapelota.com\/es\/wp-json\/wp\/v2\/media?parent=4269"}],"wp:term":[{"taxonomy":"category","embeddable":true,"href":"https:\/\/pasalapelota.com\/es\/wp-json\/wp\/v2\/categories?post=4269"},{"taxonomy":"post_tag","embeddable":true,"href":"https:\/\/pasalapelota.com\/es\/wp-json\/wp\/v2\/tags?post=4269"}],"curies":[{"name":"wp","href":"https:\/\/api.w.org\/{rel}","templated":true}]}}